
{"id":11547,"date":"2024-10-16T11:44:34","date_gmt":"2024-10-16T09:44:34","guid":{"rendered":"https:\/\/przedszkole18.edu.wroclaw.pl\/?p=11547"},"modified":"2024-10-16T12:08:07","modified_gmt":"2024-10-16T10:08:07","slug":"dyniowe-cudaki-3","status":"publish","type":"post","link":"https:\/\/przedszkole18.edu.wroclaw.pl\/index.php\/2024\/10\/16\/dyniowe-cudaki-3\/","title":{"rendered":"Dyniowe Cudaki- Konkurs rodzinny !"},"content":{"rendered":"<p><span style=\"font-size: 14pt;color: #993300\"><strong><em>Szanowni Pa\u0144stwo, kochane dzieci.<\/em> <\/strong><\/span><\/p>\n<p><span style=\"color: #ff6600;font-size: 14pt\"><em><strong>Zapraszamy do udzia\u0142u w naszym ulubionym\u00a0 konkursie &#8222;Dyniowe cudaki.&#8221; Dlaczego ulubiony ?<\/strong><\/em><\/span><\/p>\n<p><span style=\"color: #ff6600;font-size: 14pt\"><em><strong> Bo anga\u017cuje ca\u0142\u0105 rodzink\u0119, bo wasze pomys\u0142y i tw\u00f3rcza wyobra\u017ania zaskakuje i zachwyca wszystkich. Zapraszamy bawcie si\u0119 i dajcie upust swojej wyobra\u017ani.\u00a0<\/strong><\/em><\/span><span style=\"color: #ff6600;font-size: 14pt\"><em><strong>Prace jak zawsze prezentujemy na werandzie przedszkolnej, pami\u0119tajcie prosz\u0119 o podpisaniu\u00a0 swoich cudaczk\u00f3w. Pozdrawiamy i \u017cyczymy udanej zabawy ca\u0142ej rodzince. \u00a0<\/strong> <\/em><\/span><\/p>\n","protected":false},"excerpt":{"rendered":"<p>Szanowni Pa\u0144stwo, kochane dzieci. Zapraszamy do udzia\u0142u w naszym ulubionym\u00a0 konkursie &#8222;Dyniowe cudaki.&#8221; Dlaczego ulubiony ? Bo anga\u017cuje ca\u0142\u0105 rodzink\u0119, bo wasze pomys\u0142y i tw\u00f3rcza wyobra\u017ania zaskakuje i zachwyca wszystkich. [&hellip;]<\/p>\n","protected":false},"author":115,"featured_media":0,"comment_status":"closed","ping_status":"closed","sticky":false,"template":"","format":"standard","meta":{"ngg_post_thumbnail":0,"footnotes":""},"categories":[3],"tags":[],"class_list":["post-11547","post","type-post","status-publish","format-standard","hentry","category-aktualnosci","clearfix"],"_links":{"self":[{"href":"https:\/\/przedszkole18.edu.wroclaw.pl\/index.php\/wp-json\/wp\/v2\/posts\/11547","targetHints":{"allow":["GET"]}}],"collection":[{"href":"https:\/\/przedszkole18.edu.wroclaw.pl\/index.php\/wp-json\/wp\/v2\/posts"}],"about":[{"href":"https:\/\/przedszkole18.edu.wroclaw.pl\/index.php\/wp-json\/wp\/v2\/types\/post"}],"author":[{"embeddable":true,"href":"https:\/\/przedszkole18.edu.wroclaw.pl\/index.php\/wp-json\/wp\/v2\/users\/115"}],"replies":[{"embeddable":true,"href":"https:\/\/przedszkole18.edu.wroclaw.pl\/index.php\/wp-json\/wp\/v2\/comments?post=11547"}],"version-history":[{"count":4,"href":"https:\/\/przedszkole18.edu.wroclaw.pl\/index.php\/wp-json\/wp\/v2\/posts\/11547\/revisions"}],"predecessor-version":[{"id":11551,"href":"https:\/\/przedszkole18.edu.wroclaw.pl\/index.php\/wp-json\/wp\/v2\/posts\/11547\/revisions\/11551"}],"wp:attachment":[{"href":"https:\/\/przedszkole18.edu.wroclaw.pl\/index.php\/wp-json\/wp\/v2\/media?parent=11547"}],"wp:term":[{"taxonomy":"category","embeddable":true,"href":"https:\/\/przedszkole18.edu.wroclaw.pl\/index.php\/wp-json\/wp\/v2\/categories?post=11547"},{"taxonomy":"post_tag","embeddable":true,"href":"https:\/\/przedszkole18.edu.wroclaw.pl\/index.php\/wp-json\/wp\/v2\/tags?post=11547"}],"curies":[{"name":"wp","href":"https:\/\/api.w.org\/{rel}","templated":true}]}}