
{"id":11556,"date":"2024-10-17T14:03:19","date_gmt":"2024-10-17T12:03:19","guid":{"rendered":"https:\/\/przedszkole18.edu.wroclaw.pl\/?p=11556"},"modified":"2024-10-17T17:08:44","modified_gmt":"2024-10-17T15:08:44","slug":"informacja-5","status":"publish","type":"post","link":"https:\/\/przedszkole18.edu.wroclaw.pl\/index.php\/2024\/10\/17\/informacja-5\/","title":{"rendered":"Informacja!"},"content":{"rendered":"<p><span style=\"font-size: 14pt;color: #000080\"><em><strong>Szanowni Pa\u0144stwo!<\/strong><\/em><\/span><\/p>\n<p><span style=\"font-size: 14pt;color: #000080\"><em>Otrzyma\u0142am informacj\u0119 e-mail z Gazety Wroc\u0142awskiej, kt\u00f3ra prowadzi\u00a0 akcj\u0119 dla\u00a0 wyr\u00f3\u017cniaj\u0105cych si\u0119\u00a0 plac\u00f3wek edukacyjnych.<\/em><\/span><\/p>\n<p><span style=\"font-size: 14pt;color: #000080\"><em> Bardzo dzi\u0119kujemy, bo to oznacza,\u00a0 \u017ce kto\u015b z rodzic\u00f3w\u00a0 naszych wychowank\u00f3w uzna\u0142, \u017ce zas\u0142ugujemy na takie wyr\u00f3\u017cnienie i udzia\u0142 w drodze do zdobycia nagrody. Zdobycie takiej nagrody wi\u0105\u017ce si\u0119 jeszcze z oddaniem na nas g\u0142os\u00f3w , je\u017celi uwa\u017cacie, \u017ce warto zach\u0119camy do g\u0142osowania\u00a0 i dzi\u0119kujemy.\u00a0 <\/em><\/span><\/p>\n<p><span style=\"font-size: 14pt;color: #000080\"><em><strong><span style=\"color: #666699;font-size: 12pt\">Pozdrawiam i dzi\u0119kuj\u0119 w imieniu wszystkich pracownik\u00f3w. Dyrektor plac\u00f3wki Lidia Walczak-I\u017cycka \u00a0<\/span> <\/strong><\/em><\/span><\/p>\n","protected":false},"excerpt":{"rendered":"<p>Szanowni Pa\u0144stwo! Otrzyma\u0142am informacj\u0119 e-mail z Gazety Wroc\u0142awskiej, kt\u00f3ra prowadzi\u00a0 akcj\u0119 dla\u00a0 wyr\u00f3\u017cniaj\u0105cych si\u0119\u00a0 plac\u00f3wek edukacyjnych. Bardzo dzi\u0119kujemy, bo to oznacza,\u00a0 \u017ce kto\u015b z rodzic\u00f3w\u00a0 naszych wychowank\u00f3w uzna\u0142, \u017ce zas\u0142ugujemy [&hellip;]<\/p>\n","protected":false},"author":115,"featured_media":11555,"comment_status":"closed","ping_status":"closed","sticky":false,"template":"","format":"standard","meta":{"ngg_post_thumbnail":0,"footnotes":""},"categories":[3],"tags":[],"class_list":["post-11556","post","type-post","status-publish","format-standard","has-post-thumbnail","hentry","category-aktualnosci","clearfix"],"_links":{"self":[{"href":"https:\/\/przedszkole18.edu.wroclaw.pl\/index.php\/wp-json\/wp\/v2\/posts\/11556","targetHints":{"allow":["GET"]}}],"collection":[{"href":"https:\/\/przedszkole18.edu.wroclaw.pl\/index.php\/wp-json\/wp\/v2\/posts"}],"about":[{"href":"https:\/\/przedszkole18.edu.wroclaw.pl\/index.php\/wp-json\/wp\/v2\/types\/post"}],"author":[{"embeddable":true,"href":"https:\/\/przedszkole18.edu.wroclaw.pl\/index.php\/wp-json\/wp\/v2\/users\/115"}],"replies":[{"embeddable":true,"href":"https:\/\/przedszkole18.edu.wroclaw.pl\/index.php\/wp-json\/wp\/v2\/comments?post=11556"}],"version-history":[{"count":3,"href":"https:\/\/przedszkole18.edu.wroclaw.pl\/index.php\/wp-json\/wp\/v2\/posts\/11556\/revisions"}],"predecessor-version":[{"id":11559,"href":"https:\/\/przedszkole18.edu.wroclaw.pl\/index.php\/wp-json\/wp\/v2\/posts\/11556\/revisions\/11559"}],"wp:featuredmedia":[{"embeddable":true,"href":"https:\/\/przedszkole18.edu.wroclaw.pl\/index.php\/wp-json\/wp\/v2\/media\/11555"}],"wp:attachment":[{"href":"https:\/\/przedszkole18.edu.wroclaw.pl\/index.php\/wp-json\/wp\/v2\/media?parent=11556"}],"wp:term":[{"taxonomy":"category","embeddable":true,"href":"https:\/\/przedszkole18.edu.wroclaw.pl\/index.php\/wp-json\/wp\/v2\/categories?post=11556"},{"taxonomy":"post_tag","embeddable":true,"href":"https:\/\/przedszkole18.edu.wroclaw.pl\/index.php\/wp-json\/wp\/v2\/tags?post=11556"}],"curies":[{"name":"wp","href":"https:\/\/api.w.org\/{rel}","templated":true}]}}