
{"id":11560,"date":"2024-10-17T17:26:58","date_gmt":"2024-10-17T15:26:58","guid":{"rendered":"https:\/\/przedszkole18.edu.wroclaw.pl\/?p=11560"},"modified":"2024-10-17T17:26:58","modified_gmt":"2024-10-17T15:26:58","slug":"wazne-36","status":"publish","type":"post","link":"https:\/\/przedszkole18.edu.wroclaw.pl\/index.php\/2024\/10\/17\/wazne-36\/","title":{"rendered":"Wa\u017cne!"},"content":{"rendered":"<p><span style=\"font-size: 14pt;color: #800000\"><em><strong>Drodzy rodzice!<\/strong><\/em><\/span><\/p>\n<p><span style=\"color: #000080\"><em><span style=\"font-size: 14pt\">Od 23 pa\u017adziernika 2024 roku,\u00a0 rozpoczynamy remont elewacji budynku przedszkola. Jak zapowiada\u0142am na spotkaniu Rady Rodzic\u00f3w, wszystkie prace b\u0119d\u0105 si\u0119 odbywa\u0142y r\u00f3wnolegle z codziennymi dzia\u0142aniami i funkcjonowaniem plac\u00f3wki. Zorganizujemy przestrze\u0144 tak,\u00a0 by zapewni\u0107 bezpiecze\u0144stwo wszystkim wychowankom i\u00a0 pracownikom, a wykonawcy umo\u017cliwi\u0107\u00a0 sprawne i szybkie przeprowadzenie planowanych prac.<\/span> <\/em><\/span><\/p>\n<p><span style=\"font-size: 14pt;color: #000080\"><em><span style=\"color: #800000\">Bardzo\u00a0 prosz\u0119 o zwr\u00f3cenie szczeg\u00f3lnej uwagi,\u00a0 podczas przyprowadzania i odbierania dzieci, aby nie wchodzi\u0142y w miejsca, w kt\u00f3re wchodzi\u0107 nie wolno\/ rusztowania, wydzielony teren na\u00a0 materia\u0142y potrzebne do wykonania remontu itp.\/\u00a0 Wi\u0119cej informacji przeka\u017c\u0119 Pa\u0144stwu po przekazaniu wykonawcy terenu i uzgodnieniu wszystkich istotnych\u00a0 szczeg\u00f3\u0142\u00f3w.<\/span> <span style=\"font-size: 12pt;color: #666699\">Pozdrawiam. Dyrektor plac\u00f3wki Lidia Walczak-I\u017cycka\u00a0<\/span><\/em> <\/span><\/p>\n","protected":false},"excerpt":{"rendered":"<p>Drodzy rodzice! Od 23 pa\u017adziernika 2024 roku,\u00a0 rozpoczynamy remont elewacji budynku przedszkola. Jak zapowiada\u0142am na spotkaniu Rady Rodzic\u00f3w, wszystkie prace b\u0119d\u0105 si\u0119 odbywa\u0142y r\u00f3wnolegle z codziennymi dzia\u0142aniami i funkcjonowaniem plac\u00f3wki. [&hellip;]<\/p>\n","protected":false},"author":115,"featured_media":11485,"comment_status":"closed","ping_status":"closed","sticky":false,"template":"","format":"standard","meta":{"ngg_post_thumbnail":0,"footnotes":""},"categories":[3],"tags":[],"class_list":["post-11560","post","type-post","status-publish","format-standard","has-post-thumbnail","hentry","category-aktualnosci","clearfix"],"_links":{"self":[{"href":"https:\/\/przedszkole18.edu.wroclaw.pl\/index.php\/wp-json\/wp\/v2\/posts\/11560","targetHints":{"allow":["GET"]}}],"collection":[{"href":"https:\/\/przedszkole18.edu.wroclaw.pl\/index.php\/wp-json\/wp\/v2\/posts"}],"about":[{"href":"https:\/\/przedszkole18.edu.wroclaw.pl\/index.php\/wp-json\/wp\/v2\/types\/post"}],"author":[{"embeddable":true,"href":"https:\/\/przedszkole18.edu.wroclaw.pl\/index.php\/wp-json\/wp\/v2\/users\/115"}],"replies":[{"embeddable":true,"href":"https:\/\/przedszkole18.edu.wroclaw.pl\/index.php\/wp-json\/wp\/v2\/comments?post=11560"}],"version-history":[{"count":1,"href":"https:\/\/przedszkole18.edu.wroclaw.pl\/index.php\/wp-json\/wp\/v2\/posts\/11560\/revisions"}],"predecessor-version":[{"id":11561,"href":"https:\/\/przedszkole18.edu.wroclaw.pl\/index.php\/wp-json\/wp\/v2\/posts\/11560\/revisions\/11561"}],"wp:featuredmedia":[{"embeddable":true,"href":"https:\/\/przedszkole18.edu.wroclaw.pl\/index.php\/wp-json\/wp\/v2\/media\/11485"}],"wp:attachment":[{"href":"https:\/\/przedszkole18.edu.wroclaw.pl\/index.php\/wp-json\/wp\/v2\/media?parent=11560"}],"wp:term":[{"taxonomy":"category","embeddable":true,"href":"https:\/\/przedszkole18.edu.wroclaw.pl\/index.php\/wp-json\/wp\/v2\/categories?post=11560"},{"taxonomy":"post_tag","embeddable":true,"href":"https:\/\/przedszkole18.edu.wroclaw.pl\/index.php\/wp-json\/wp\/v2\/tags?post=11560"}],"curies":[{"name":"wp","href":"https:\/\/api.w.org\/{rel}","templated":true}]}}