
{"id":11565,"date":"2024-10-23T14:05:20","date_gmt":"2024-10-23T12:05:20","guid":{"rendered":"https:\/\/przedszkole18.edu.wroclaw.pl\/?p=11565"},"modified":"2024-10-23T14:05:44","modified_gmt":"2024-10-23T12:05:44","slug":"dotyczy-remontu","status":"publish","type":"post","link":"https:\/\/przedszkole18.edu.wroclaw.pl\/index.php\/2024\/10\/23\/dotyczy-remontu\/","title":{"rendered":"Dotyczy Remontu!"},"content":{"rendered":"<p><span style=\"font-size: 14pt;color: #ff0000\"><em><strong>Szanowni Pa\u0144stwo!<\/strong> <\/em><\/span><\/p>\n<p><span style=\"color: #000080;font-size: 14pt\">W zwi\u0105zku z rozpocz\u0119tymi pracami, zwi\u0105zanymi z remontem elewacji budynku przedszkola, informuj\u0119 \u017ce po odbiorze dzieci z plac\u00f3wki , z uwagi na bezpiecze\u0144stwo wszystkich, prosz\u0119 o opuszczanie terenu przedszkola. Na ten moment stawiane s\u0105 rusztowania, cze\u015b\u0107 ogrodu jest wy\u0142\u0105czona z u\u017cytkowania. W kolejnych dniach zostan\u0105 postawione p\u0142oty, kontenery i wszelkie\u00a0 urz\u0105dzenia sanitarne\u00a0 dla wykonawcy. Wytyczymy tak\u017ce teren na materia\u0142y potrzebne do wykonania prac. W trwaj\u0105cym remoncie uj\u0119te jest tak\u017ce wej\u015bcie do plac\u00f3wki &#8211; schody\u00a0 \/prawa i lewa strona\/ co na pewien czas,\u00a0 spowoduje zmiany organizacyjne zwi\u0105zane z wej\u015bciem do budynku przedszkola. Ka\u017cda zmiana b\u0119dzie Pa\u0144stwu przekazana drog\u0119 e-mail od przedstawicieli Rady Rodzic\u00f3w, a tak\u017ce na stronie internetowej\u00a0 przedszkola i na tablicy og\u0142osze\u0144 w ogrodzie przedszkolnym. \u00a0 <\/span><\/p>\n<p><span style=\"color: #ff0000;font-size: 18pt\">Bardzo prosz\u0119 o stosowanie si\u0119 do\u00a0 zalece\u0144 dotycz\u0105cych opuszczania terenu plac\u00f3wki po odebraniu dzieci, kt\u00f3re podyktowane s\u0105 wzgl\u0119dami bezpiecze\u0144stwa Pa\u0144stwa dzieci. <\/span><\/p>\n<p><span style=\"font-size: 14pt;color: #000080\">Nadmieniam tak\u017ce, \u017ce ustalona ze wszystkimi\u00a0 grupami czas pobytu dzieci w ogrodzie przedszkolnym w ci\u0105gu dnia i tak grupy I i\u00a0 II wychodz\u0105 w godzinach porannych, mi\u0119dzy 10.00 &#8211; 11.30 grupy III i IV w godzinach 12.30- 14.00 przebywamy wy\u0142\u0105cznie w miejscach, kt\u00f3re nie stanowi\u0105 dla dzieci zagro\u017cenia.<\/span><\/p>\n<p><span style=\"font-size: 14pt;color: #000080\"> Oczywi\u015bcie pobyt w ogrodzie zale\u017cy tak\u017ce od warunk\u00f3w pogodowych i przekazywanych nam alertach o stanie jako\u015bci powietrza. <\/span><\/p>\n<p><span style=\"font-size: 14pt;color: #000080\">D\u0142ugo oczekiwany remont rusza pe\u0142n\u0105 par\u0105, \u017cyczymy sobie i wykonawcy, dobrej pogody by prace przebiega\u0142y sprawnie i zako\u0144czy\u0142y si\u0119 w\u00a0 wyznaczonym terminie.\u00a0 <\/span><\/p>\n<p><span style=\"font-size: 14pt;color: #000080\">Dzi\u0119kuj\u0119 za zrozumienie. Pozdrawiam i \u017cycz\u0119 zdrowia. <span style=\"color: #666699\">Dyrektor plac\u00f3wki Lidia Walczak-I\u017cycka\u00a0 <\/span><\/span><\/p>\n","protected":false},"excerpt":{"rendered":"<p>Szanowni Pa\u0144stwo! W zwi\u0105zku z rozpocz\u0119tymi pracami, zwi\u0105zanymi z remontem elewacji budynku przedszkola, informuj\u0119 \u017ce po odbiorze dzieci z plac\u00f3wki , z uwagi na bezpiecze\u0144stwo wszystkich, prosz\u0119 o opuszczanie terenu [&hellip;]<\/p>\n","protected":false},"author":115,"featured_media":11485,"comment_status":"closed","ping_status":"closed","sticky":false,"template":"","format":"standard","meta":{"ngg_post_thumbnail":0,"footnotes":""},"categories":[3],"tags":[],"class_list":["post-11565","post","type-post","status-publish","format-standard","has-post-thumbnail","hentry","category-aktualnosci","clearfix"],"_links":{"self":[{"href":"https:\/\/przedszkole18.edu.wroclaw.pl\/index.php\/wp-json\/wp\/v2\/posts\/11565","targetHints":{"allow":["GET"]}}],"collection":[{"href":"https:\/\/przedszkole18.edu.wroclaw.pl\/index.php\/wp-json\/wp\/v2\/posts"}],"about":[{"href":"https:\/\/przedszkole18.edu.wroclaw.pl\/index.php\/wp-json\/wp\/v2\/types\/post"}],"author":[{"embeddable":true,"href":"https:\/\/przedszkole18.edu.wroclaw.pl\/index.php\/wp-json\/wp\/v2\/users\/115"}],"replies":[{"embeddable":true,"href":"https:\/\/przedszkole18.edu.wroclaw.pl\/index.php\/wp-json\/wp\/v2\/comments?post=11565"}],"version-history":[{"count":2,"href":"https:\/\/przedszkole18.edu.wroclaw.pl\/index.php\/wp-json\/wp\/v2\/posts\/11565\/revisions"}],"predecessor-version":[{"id":11567,"href":"https:\/\/przedszkole18.edu.wroclaw.pl\/index.php\/wp-json\/wp\/v2\/posts\/11565\/revisions\/11567"}],"wp:featuredmedia":[{"embeddable":true,"href":"https:\/\/przedszkole18.edu.wroclaw.pl\/index.php\/wp-json\/wp\/v2\/media\/11485"}],"wp:attachment":[{"href":"https:\/\/przedszkole18.edu.wroclaw.pl\/index.php\/wp-json\/wp\/v2\/media?parent=11565"}],"wp:term":[{"taxonomy":"category","embeddable":true,"href":"https:\/\/przedszkole18.edu.wroclaw.pl\/index.php\/wp-json\/wp\/v2\/categories?post=11565"},{"taxonomy":"post_tag","embeddable":true,"href":"https:\/\/przedszkole18.edu.wroclaw.pl\/index.php\/wp-json\/wp\/v2\/tags?post=11565"}],"curies":[{"name":"wp","href":"https:\/\/api.w.org\/{rel}","templated":true}]}}