
{"id":1157,"date":"2020-04-09T13:30:21","date_gmt":"2020-04-09T11:30:21","guid":{"rendered":"https:\/\/przedszkole18.edu.wroclaw.pl\/?p=1157"},"modified":"2020-04-09T13:34:42","modified_gmt":"2020-04-09T11:34:42","slug":"swiateczny-czas","status":"publish","type":"post","link":"https:\/\/przedszkole18.edu.wroclaw.pl\/index.php\/2020\/04\/09\/swiateczny-czas\/","title":{"rendered":"\u015awi\u0105teczny czas !"},"content":{"rendered":"<p>Zbli\u017caj\u0105 si\u0119 \u015awi\u0119ta Wielkiej Nocy , cho\u0107 tak inne, to czas nadziei, wiary i\u00a0 si\u0142y cz\u0142owieka.<\/p>\n<p>Niech ten czas wzmocni\u00a0 nasz\u0105 wzajemn\u0105 \u017cyczliwo\u015b\u0107, wytrwa\u0142o\u015b\u0107 w wygl\u0105danie pogodnego jutra.<\/p>\n<p>\u017bycz\u0119 Pa\u0144stwu, dzieciom i wszystkim pracownikom plac\u00f3wki,\u00a0 pomy\u015blno\u015bci w tej epidemii bezsilno\u015bci.<\/p>\n<p>Rodzinnych pe\u0142nych nadziei na lepsze jutro\u00a0 \u015awi\u0105t Wielkiej Nocy,\u00a0 \u017cyczy dyrektor plac\u00f3wki . Lidia Walczak-I\u017cycka<\/p>\n<p>&nbsp;<\/p>\n","protected":false},"excerpt":{"rendered":"<p>Zbli\u017caj\u0105 si\u0119 \u015awi\u0119ta Wielkiej Nocy , cho\u0107 tak inne, to czas nadziei, wiary i\u00a0 si\u0142y cz\u0142owieka. Niech ten czas wzmocni\u00a0 nasz\u0105 wzajemn\u0105 \u017cyczliwo\u015b\u0107, wytrwa\u0142o\u015b\u0107 w wygl\u0105danie pogodnego jutra. \u017bycz\u0119 Pa\u0144stwu, [&hellip;]<\/p>\n","protected":false},"author":115,"featured_media":1057,"comment_status":"closed","ping_status":"closed","sticky":false,"template":"","format":"standard","meta":{"ngg_post_thumbnail":0,"footnotes":""},"categories":[3,1],"tags":[],"class_list":["post-1157","post","type-post","status-publish","format-standard","has-post-thumbnail","hentry","category-aktualnosci","category-bez-kategorii","clearfix"],"_links":{"self":[{"href":"https:\/\/przedszkole18.edu.wroclaw.pl\/index.php\/wp-json\/wp\/v2\/posts\/1157","targetHints":{"allow":["GET"]}}],"collection":[{"href":"https:\/\/przedszkole18.edu.wroclaw.pl\/index.php\/wp-json\/wp\/v2\/posts"}],"about":[{"href":"https:\/\/przedszkole18.edu.wroclaw.pl\/index.php\/wp-json\/wp\/v2\/types\/post"}],"author":[{"embeddable":true,"href":"https:\/\/przedszkole18.edu.wroclaw.pl\/index.php\/wp-json\/wp\/v2\/users\/115"}],"replies":[{"embeddable":true,"href":"https:\/\/przedszkole18.edu.wroclaw.pl\/index.php\/wp-json\/wp\/v2\/comments?post=1157"}],"version-history":[{"count":1,"href":"https:\/\/przedszkole18.edu.wroclaw.pl\/index.php\/wp-json\/wp\/v2\/posts\/1157\/revisions"}],"predecessor-version":[{"id":1165,"href":"https:\/\/przedszkole18.edu.wroclaw.pl\/index.php\/wp-json\/wp\/v2\/posts\/1157\/revisions\/1165"}],"wp:featuredmedia":[{"embeddable":true,"href":"https:\/\/przedszkole18.edu.wroclaw.pl\/index.php\/wp-json\/wp\/v2\/media\/1057"}],"wp:attachment":[{"href":"https:\/\/przedszkole18.edu.wroclaw.pl\/index.php\/wp-json\/wp\/v2\/media?parent=1157"}],"wp:term":[{"taxonomy":"category","embeddable":true,"href":"https:\/\/przedszkole18.edu.wroclaw.pl\/index.php\/wp-json\/wp\/v2\/categories?post=1157"},{"taxonomy":"post_tag","embeddable":true,"href":"https:\/\/przedszkole18.edu.wroclaw.pl\/index.php\/wp-json\/wp\/v2\/tags?post=1157"}],"curies":[{"name":"wp","href":"https:\/\/api.w.org\/{rel}","templated":true}]}}