
{"id":11645,"date":"2024-11-09T00:14:00","date_gmt":"2024-11-08T23:14:00","guid":{"rendered":"https:\/\/przedszkole18.edu.wroclaw.pl\/?p=11645"},"modified":"2024-11-18T11:58:33","modified_gmt":"2024-11-18T10:58:33","slug":"obchody-swieta-niepodleglosci","status":"publish","type":"post","link":"https:\/\/przedszkole18.edu.wroclaw.pl\/index.php\/2024\/11\/09\/obchody-swieta-niepodleglosci\/","title":{"rendered":"Obchody \u015awi\u0119ta Niepodleg\u0142o\u015bci"},"content":{"rendered":"<p><span style=\"color: #ff0000\"><strong><span style=\"font-size: 14pt\">&#8222;Jest takie miejsce na mapie \u015bwiata- Polska!<\/span><\/strong><\/span><br \/>\n<span style=\"color: #ff0000\"><strong><span style=\"font-size: 14pt\">To moje miejsce, tutaj mocniej bije mi serce! &#8222;<\/span><\/strong><\/span><\/p>\n<p><span style=\"color: #0000ff\"><strong><span style=\"font-size: 14pt\">Dzi\u015b w naszym\u00a0 przedszkolu \u015bwi\u0119towali\u015bmy Narodowe \u015awi\u0119to Niepodleg\u0142o\u015bci. To wyj\u0105tkowy czas dla ka\u017cdej Polki i Polaka. <\/span><\/strong><\/span><br \/>\n<span style=\"color: #0000ff\"><strong><span style=\"font-size: 14pt\">Z tej okazji dzieci z wszystkich grup oraz pracownicy przedszkola zebrali si\u0119, aby uroczy\u015bcie \u015bwi\u0119towa\u0107 ten wyj\u0105tkowy dla Polak\u00f3w czas.<\/span><\/strong><\/span><\/p>\n<p><span style=\"color: #0000ff\"><strong><span style=\"font-size: 14pt\">Dzieci z wszystkich grup recytowa\u0142y wiersze o tematyce patriotycznej, starsze przedszkolaki zaprezentowa\u0142y ta\u0144ce a\u00a0 ca\u0142a spo\u0142eczno\u015b\u0107 przedszkolna od\u015bpiewa\u0142a Hymn Polski.<\/span><\/strong><\/span><\/p>\n<p><span style=\"color: #0000ff\"><strong><span style=\"font-size: 14pt\">By\u0142o dostojnie, wytwornie, spokojnie\u2026Brawo mali Polacy!!! Jeste\u015bmy z Was dumni!<\/span><\/strong><\/span><\/p>\n<p><span style=\"color: #0000ff\"><strong><span style=\"font-size: 14pt\">Uroczysto\u015b\u0107 z okazji\u00a0 \u015awi\u0119ta Niepodleg\u0142o\u015bci mia\u0142a na celu rozwijanie w\u015br\u00f3d wychowank\u00f3w naszego przedszkola poczucia przynale\u017cno\u015bci narodowej, piel\u0119gnowanie polskiej kultury i tradycji. Jednocze\u015bnie by\u0142a pouczaj\u0105c\u0105 lekcj\u0105 historii i patriotyzmu.<\/span><\/strong><\/span><\/p>\n<p><a href=\"https:\/\/przedszkole18.edu.wroclaw.pl\/wp-content\/uploads\/sites\/36\/2024\/11\/IMG_20241108_0645241-scaled.jpg\"><img loading=\"lazy\" decoding=\"async\" class=\"wp-image-11636 size-large aligncenter\" src=\"https:\/\/przedszkole18.edu.wroclaw.pl\/wp-content\/uploads\/sites\/36\/2024\/11\/IMG_20241108_0645241-1024x576.jpg\" alt=\"\" width=\"1024\" height=\"576\" srcset=\"https:\/\/przedszkole18.edu.wroclaw.pl\/wp-content\/uploads\/sites\/36\/2024\/11\/IMG_20241108_0645241-1024x576.jpg 1024w, https:\/\/przedszkole18.edu.wroclaw.pl\/wp-content\/uploads\/sites\/36\/2024\/11\/IMG_20241108_0645241-300x169.jpg 300w, https:\/\/przedszkole18.edu.wroclaw.pl\/wp-content\/uploads\/sites\/36\/2024\/11\/IMG_20241108_0645241-768x432.jpg 768w, https:\/\/przedszkole18.edu.wroclaw.pl\/wp-content\/uploads\/sites\/36\/2024\/11\/IMG_20241108_0645241-1536x864.jpg 1536w, https:\/\/przedszkole18.edu.wroclaw.pl\/wp-content\/uploads\/sites\/36\/2024\/11\/IMG_20241108_0645241-2048x1152.jpg 2048w\" sizes=\"auto, (max-width: 1024px) 100vw, 1024px\" \/><\/a><a href=\"https:\/\/przedszkole18.edu.wroclaw.pl\/wp-content\/uploads\/sites\/36\/2024\/11\/IMG_20241108_0645371-scaled.jpg\"><img loading=\"lazy\" decoding=\"async\" class=\"wp-image-11637 size-large aligncenter\" src=\"https:\/\/przedszkole18.edu.wroclaw.pl\/wp-content\/uploads\/sites\/36\/2024\/11\/IMG_20241108_0645371-576x1024.jpg\" alt=\"\" width=\"576\" height=\"1024\" srcset=\"https:\/\/przedszkole18.edu.wroclaw.pl\/wp-content\/uploads\/sites\/36\/2024\/11\/IMG_20241108_0645371-576x1024.jpg 576w, https:\/\/przedszkole18.edu.wroclaw.pl\/wp-content\/uploads\/sites\/36\/2024\/11\/IMG_20241108_0645371-169x300.jpg 169w, https:\/\/przedszkole18.edu.wroclaw.pl\/wp-content\/uploads\/sites\/36\/2024\/11\/IMG_20241108_0645371-768x1365.jpg 768w, https:\/\/przedszkole18.edu.wroclaw.pl\/wp-content\/uploads\/sites\/36\/2024\/11\/IMG_20241108_0645371-864x1536.jpg 864w, https:\/\/przedszkole18.edu.wroclaw.pl\/wp-content\/uploads\/sites\/36\/2024\/11\/IMG_20241108_0645371-1152x2048.jpg 1152w, https:\/\/przedszkole18.edu.wroclaw.pl\/wp-content\/uploads\/sites\/36\/2024\/11\/IMG_20241108_0645371-scaled.jpg 1440w\" sizes=\"auto, (max-width: 576px) 100vw, 576px\" \/><\/a><a href=\"https:\/\/przedszkole18.edu.wroclaw.pl\/wp-content\/uploads\/sites\/36\/2024\/11\/IMG_20241108_0645441-scaled.jpg\"><img loading=\"lazy\" decoding=\"async\" class=\"wp-image-11638 size-large aligncenter\" src=\"https:\/\/przedszkole18.edu.wroclaw.pl\/wp-content\/uploads\/sites\/36\/2024\/11\/IMG_20241108_0645441-576x1024.jpg\" alt=\"\" width=\"576\" height=\"1024\" srcset=\"https:\/\/przedszkole18.edu.wroclaw.pl\/wp-content\/uploads\/sites\/36\/2024\/11\/IMG_20241108_0645441-576x1024.jpg 576w, https:\/\/przedszkole18.edu.wroclaw.pl\/wp-content\/uploads\/sites\/36\/2024\/11\/IMG_20241108_0645441-169x300.jpg 169w, https:\/\/przedszkole18.edu.wroclaw.pl\/wp-content\/uploads\/sites\/36\/2024\/11\/IMG_20241108_0645441-768x1365.jpg 768w, https:\/\/przedszkole18.edu.wroclaw.pl\/wp-content\/uploads\/sites\/36\/2024\/11\/IMG_20241108_0645441-864x1536.jpg 864w, https:\/\/przedszkole18.edu.wroclaw.pl\/wp-content\/uploads\/sites\/36\/2024\/11\/IMG_20241108_0645441-1152x2048.jpg 1152w, https:\/\/przedszkole18.edu.wroclaw.pl\/wp-content\/uploads\/sites\/36\/2024\/11\/IMG_20241108_0645441-scaled.jpg 1440w\" sizes=\"auto, (max-width: 576px) 100vw, 576px\" \/><\/a><\/p>\n<p><a href=\"https:\/\/przedszkole18.edu.wroclaw.pl\/wp-content\/uploads\/sites\/36\/2024\/11\/IMG_20241108_0839361-scaled.jpg\"><img loading=\"lazy\" decoding=\"async\" class=\"wp-image-11639 size-large aligncenter\" src=\"https:\/\/przedszkole18.edu.wroclaw.pl\/wp-content\/uploads\/sites\/36\/2024\/11\/IMG_20241108_0839361-576x1024.jpg\" alt=\"\" width=\"576\" height=\"1024\" srcset=\"https:\/\/przedszkole18.edu.wroclaw.pl\/wp-content\/uploads\/sites\/36\/2024\/11\/IMG_20241108_0839361-576x1024.jpg 576w, https:\/\/przedszkole18.edu.wroclaw.pl\/wp-content\/uploads\/sites\/36\/2024\/11\/IMG_20241108_0839361-169x300.jpg 169w, https:\/\/przedszkole18.edu.wroclaw.pl\/wp-content\/uploads\/sites\/36\/2024\/11\/IMG_20241108_0839361-768x1365.jpg 768w, https:\/\/przedszkole18.edu.wroclaw.pl\/wp-content\/uploads\/sites\/36\/2024\/11\/IMG_20241108_0839361-864x1536.jpg 864w, https:\/\/przedszkole18.edu.wroclaw.pl\/wp-content\/uploads\/sites\/36\/2024\/11\/IMG_20241108_0839361-1152x2048.jpg 1152w, https:\/\/przedszkole18.edu.wroclaw.pl\/wp-content\/uploads\/sites\/36\/2024\/11\/IMG_20241108_0839361-scaled.jpg 1440w\" sizes=\"auto, (max-width: 576px) 100vw, 576px\" \/><\/a><\/p>\n<p>&nbsp;<\/p>\n<p><a href=\"https:\/\/przedszkole18.edu.wroclaw.pl\/wp-content\/uploads\/sites\/36\/2024\/11\/IMG_20241108_0840351-scaled.jpg\"><img loading=\"lazy\" decoding=\"async\" class=\"wp-image-11640 size-large aligncenter\" src=\"https:\/\/przedszkole18.edu.wroclaw.pl\/wp-content\/uploads\/sites\/36\/2024\/11\/IMG_20241108_0840351-576x1024.jpg\" alt=\"\" width=\"576\" height=\"1024\" srcset=\"https:\/\/przedszkole18.edu.wroclaw.pl\/wp-content\/uploads\/sites\/36\/2024\/11\/IMG_20241108_0840351-576x1024.jpg 576w, https:\/\/przedszkole18.edu.wroclaw.pl\/wp-content\/uploads\/sites\/36\/2024\/11\/IMG_20241108_0840351-169x300.jpg 169w, https:\/\/przedszkole18.edu.wroclaw.pl\/wp-content\/uploads\/sites\/36\/2024\/11\/IMG_20241108_0840351-768x1365.jpg 768w, https:\/\/przedszkole18.edu.wroclaw.pl\/wp-content\/uploads\/sites\/36\/2024\/11\/IMG_20241108_0840351-864x1536.jpg 864w, https:\/\/przedszkole18.edu.wroclaw.pl\/wp-content\/uploads\/sites\/36\/2024\/11\/IMG_20241108_0840351-1152x2048.jpg 1152w, https:\/\/przedszkole18.edu.wroclaw.pl\/wp-content\/uploads\/sites\/36\/2024\/11\/IMG_20241108_0840351-scaled.jpg 1440w\" sizes=\"auto, (max-width: 576px) 100vw, 576px\" \/><\/a><\/p>\n","protected":false},"excerpt":{"rendered":"<p>&#8222;Jest takie miejsce na mapie \u015bwiata- Polska! To moje miejsce, tutaj mocniej bije mi serce! &#8222; Dzi\u015b w naszym\u00a0 przedszkolu \u015bwi\u0119towali\u015bmy Narodowe \u015awi\u0119to Niepodleg\u0142o\u015bci. To wyj\u0105tkowy czas dla ka\u017cdej Polki [&hellip;]<\/p>\n","protected":false},"author":108,"featured_media":11622,"comment_status":"closed","ping_status":"closed","sticky":false,"template":"","format":"standard","meta":{"ngg_post_thumbnail":0,"footnotes":""},"categories":[3],"tags":[],"class_list":["post-11645","post","type-post","status-publish","format-standard","has-post-thumbnail","hentry","category-aktualnosci","clearfix"],"_links":{"self":[{"href":"https:\/\/przedszkole18.edu.wroclaw.pl\/index.php\/wp-json\/wp\/v2\/posts\/11645","targetHints":{"allow":["GET"]}}],"collection":[{"href":"https:\/\/przedszkole18.edu.wroclaw.pl\/index.php\/wp-json\/wp\/v2\/posts"}],"about":[{"href":"https:\/\/przedszkole18.edu.wroclaw.pl\/index.php\/wp-json\/wp\/v2\/types\/post"}],"author":[{"embeddable":true,"href":"https:\/\/przedszkole18.edu.wroclaw.pl\/index.php\/wp-json\/wp\/v2\/users\/108"}],"replies":[{"embeddable":true,"href":"https:\/\/przedszkole18.edu.wroclaw.pl\/index.php\/wp-json\/wp\/v2\/comments?post=11645"}],"version-history":[{"count":2,"href":"https:\/\/przedszkole18.edu.wroclaw.pl\/index.php\/wp-json\/wp\/v2\/posts\/11645\/revisions"}],"predecessor-version":[{"id":11687,"href":"https:\/\/przedszkole18.edu.wroclaw.pl\/index.php\/wp-json\/wp\/v2\/posts\/11645\/revisions\/11687"}],"wp:featuredmedia":[{"embeddable":true,"href":"https:\/\/przedszkole18.edu.wroclaw.pl\/index.php\/wp-json\/wp\/v2\/media\/11622"}],"wp:attachment":[{"href":"https:\/\/przedszkole18.edu.wroclaw.pl\/index.php\/wp-json\/wp\/v2\/media?parent=11645"}],"wp:term":[{"taxonomy":"category","embeddable":true,"href":"https:\/\/przedszkole18.edu.wroclaw.pl\/index.php\/wp-json\/wp\/v2\/categories?post=11645"},{"taxonomy":"post_tag","embeddable":true,"href":"https:\/\/przedszkole18.edu.wroclaw.pl\/index.php\/wp-json\/wp\/v2\/tags?post=11645"}],"curies":[{"name":"wp","href":"https:\/\/api.w.org\/{rel}","templated":true}]}}