
{"id":11690,"date":"2024-11-20T22:53:08","date_gmt":"2024-11-20T21:53:08","guid":{"rendered":"https:\/\/przedszkole18.edu.wroclaw.pl\/?p=11690"},"modified":"2024-11-20T22:53:08","modified_gmt":"2024-11-20T21:53:08","slug":"dzien-pluszowego-misia","status":"publish","type":"post","link":"https:\/\/przedszkole18.edu.wroclaw.pl\/index.php\/2024\/11\/20\/dzien-pluszowego-misia\/","title":{"rendered":"Dzie\u0144 Pluszowego Misia"},"content":{"rendered":"<p><span style=\"color: #0000ff\"><strong><span style=\"font-size: 14pt\">Wielkimi krokami zbli\u017ca si\u0119 \u015awiatowy Dzie\u0144 Pluszowego Misia.<\/span><\/strong><\/span><\/p>\n<p><span style=\"color: #0000ff\"><strong><span style=\"font-size: 14pt\">Z tej okazji zach\u0119camy Dzieci wraz z Rodzicami do napisania kr\u00f3tkiego wierszyka dla swojego ulubionego misia. <\/span><\/strong><\/span><\/p>\n<p><span style=\"color: #0000ff\"><strong><span style=\"font-size: 14pt\">Podpisane (imi\u0119 dziecka, grupa) wierszyki przynosimy do przedszkola i umieszczamy na wyznaczonej tablicy ju\u017c od 22 listopada.<\/span><\/strong><\/span><\/p>\n<p><span style=\"color: #0000ff\"><strong><span style=\"font-size: 14pt\">Zapraszamy do wsp\u00f3lnej zabawy i \u017cyczymy wielu ciekawych pomys\u0142\u00f3w.<\/span><\/strong><\/span><\/p>\n<p>&nbsp;<\/p>\n","protected":false},"excerpt":{"rendered":"<p>Wielkimi krokami zbli\u017ca si\u0119 \u015awiatowy Dzie\u0144 Pluszowego Misia. Z tej okazji zach\u0119camy Dzieci wraz z Rodzicami do napisania kr\u00f3tkiego wierszyka dla swojego ulubionego misia. Podpisane (imi\u0119 dziecka, grupa) wierszyki przynosimy [&hellip;]<\/p>\n","protected":false},"author":108,"featured_media":11689,"comment_status":"closed","ping_status":"closed","sticky":false,"template":"","format":"standard","meta":{"ngg_post_thumbnail":0,"footnotes":""},"categories":[3],"tags":[],"class_list":["post-11690","post","type-post","status-publish","format-standard","has-post-thumbnail","hentry","category-aktualnosci","clearfix"],"_links":{"self":[{"href":"https:\/\/przedszkole18.edu.wroclaw.pl\/index.php\/wp-json\/wp\/v2\/posts\/11690","targetHints":{"allow":["GET"]}}],"collection":[{"href":"https:\/\/przedszkole18.edu.wroclaw.pl\/index.php\/wp-json\/wp\/v2\/posts"}],"about":[{"href":"https:\/\/przedszkole18.edu.wroclaw.pl\/index.php\/wp-json\/wp\/v2\/types\/post"}],"author":[{"embeddable":true,"href":"https:\/\/przedszkole18.edu.wroclaw.pl\/index.php\/wp-json\/wp\/v2\/users\/108"}],"replies":[{"embeddable":true,"href":"https:\/\/przedszkole18.edu.wroclaw.pl\/index.php\/wp-json\/wp\/v2\/comments?post=11690"}],"version-history":[{"count":1,"href":"https:\/\/przedszkole18.edu.wroclaw.pl\/index.php\/wp-json\/wp\/v2\/posts\/11690\/revisions"}],"predecessor-version":[{"id":11691,"href":"https:\/\/przedszkole18.edu.wroclaw.pl\/index.php\/wp-json\/wp\/v2\/posts\/11690\/revisions\/11691"}],"wp:featuredmedia":[{"embeddable":true,"href":"https:\/\/przedszkole18.edu.wroclaw.pl\/index.php\/wp-json\/wp\/v2\/media\/11689"}],"wp:attachment":[{"href":"https:\/\/przedszkole18.edu.wroclaw.pl\/index.php\/wp-json\/wp\/v2\/media?parent=11690"}],"wp:term":[{"taxonomy":"category","embeddable":true,"href":"https:\/\/przedszkole18.edu.wroclaw.pl\/index.php\/wp-json\/wp\/v2\/categories?post=11690"},{"taxonomy":"post_tag","embeddable":true,"href":"https:\/\/przedszkole18.edu.wroclaw.pl\/index.php\/wp-json\/wp\/v2\/tags?post=11690"}],"curies":[{"name":"wp","href":"https:\/\/api.w.org\/{rel}","templated":true}]}}