
{"id":11850,"date":"2024-12-23T15:08:51","date_gmt":"2024-12-23T14:08:51","guid":{"rendered":"https:\/\/przedszkole18.edu.wroclaw.pl\/?p=11850"},"modified":"2024-12-23T15:08:51","modified_gmt":"2024-12-23T14:08:51","slug":"swiateczne-zyczenia-2","status":"publish","type":"post","link":"https:\/\/przedszkole18.edu.wroclaw.pl\/index.php\/2024\/12\/23\/swiateczne-zyczenia-2\/","title":{"rendered":"\u015awi\u0105teczne \u017cyczenia!"},"content":{"rendered":"<p style=\"text-align: center\"><span style=\"font-size: 18pt\"><em><span style=\"color: #000080\"><strong><img loading=\"lazy\" decoding=\"async\" class=\"alignnone size-medium wp-image-11826\" src=\"https:\/\/przedszkole18.edu.wroclaw.pl\/wp-content\/uploads\/sites\/36\/2024\/12\/Swiateczny-wianek--300x300.jpg\" alt=\"\" width=\"300\" height=\"300\" srcset=\"https:\/\/przedszkole18.edu.wroclaw.pl\/wp-content\/uploads\/sites\/36\/2024\/12\/Swiateczny-wianek--300x300.jpg 300w, https:\/\/przedszkole18.edu.wroclaw.pl\/wp-content\/uploads\/sites\/36\/2024\/12\/Swiateczny-wianek--150x150.jpg 150w, https:\/\/przedszkole18.edu.wroclaw.pl\/wp-content\/uploads\/sites\/36\/2024\/12\/Swiateczny-wianek-.jpg 500w\" sizes=\"auto, (max-width: 300px) 100vw, 300px\" \/><\/strong><\/span><\/em><\/span><\/p>\n<p style=\"text-align: center\"><span style=\"font-size: 18pt\"><em><span style=\"color: #000080\"><strong>Szanowni Pa\u0144stwo, kochane dzieci, pracownicy przedszkola.<\/strong><\/span><\/em><\/span><\/p>\n<p style=\"text-align: center\"><em><span style=\"font-size: 14pt;color: #008000\"><strong>\u017bycz\u0119 Wam wszystkim, zdrowia i rado\u015bci w codziennym \u017cyciu.<\/strong><\/span><\/em><\/p>\n<p style=\"text-align: center\"><em><span style=\"font-size: 14pt;color: #008000\"><strong> \u017bycz\u0119\u00a0 momentu, na znalezienie chwili i czasu dla Siebie, na trosk\u0119 o w\u0142asne potrzeby,<\/strong><\/span><\/em><\/p>\n<p style=\"text-align: center\"><em><span style=\"font-size: 14pt;color: #008000\"><strong> na czas,\u00a0 w kt\u00f3rym zrobicie co\u015b dla Swojej przyjemno\u015bci i rado\u015bci.<\/strong><\/span><\/em><\/p>\n<p style=\"text-align: center\"><em><span style=\"font-size: 14pt;color: #008000\"><strong>\u017bycz\u0119, by\u015bcie mogli poczu\u0107 si\u0119 wa\u017cni i potrzebni.<\/strong><\/span><\/em><\/p>\n<p style=\"text-align: center\"><em><span style=\"font-size: 14pt;color: #333399\"><strong>Niech nadchodz\u0105cy Nowy Rok.\u00a0<\/strong><\/span><\/em><\/p>\n<p style=\"text-align: center\"><em><span style=\"font-size: 14pt;color: #333399\"><strong> b\u0119dzie spokojny, zdrowy i\u00a0 bezpieczny dla wszystkich .<\/strong><\/span><\/em><\/p>\n<p style=\"text-align: center\"><em><span style=\"color: #666699\">Pozdrawiam serdecznie dyrektor plac\u00f3wki Lida Walczak-I\u017cycka \u00a0<\/span> <\/em><\/p>\n","protected":false},"excerpt":{"rendered":"<p>Szanowni Pa\u0144stwo, kochane dzieci, pracownicy przedszkola. \u017bycz\u0119 Wam wszystkim, zdrowia i rado\u015bci w codziennym \u017cyciu. \u017bycz\u0119\u00a0 momentu, na znalezienie chwili i czasu dla Siebie, na trosk\u0119 o w\u0142asne potrzeby, na [&hellip;]<\/p>\n","protected":false},"author":115,"featured_media":11826,"comment_status":"closed","ping_status":"closed","sticky":false,"template":"","format":"standard","meta":{"ngg_post_thumbnail":0,"footnotes":""},"categories":[3],"tags":[],"class_list":["post-11850","post","type-post","status-publish","format-standard","has-post-thumbnail","hentry","category-aktualnosci","clearfix"],"_links":{"self":[{"href":"https:\/\/przedszkole18.edu.wroclaw.pl\/index.php\/wp-json\/wp\/v2\/posts\/11850","targetHints":{"allow":["GET"]}}],"collection":[{"href":"https:\/\/przedszkole18.edu.wroclaw.pl\/index.php\/wp-json\/wp\/v2\/posts"}],"about":[{"href":"https:\/\/przedszkole18.edu.wroclaw.pl\/index.php\/wp-json\/wp\/v2\/types\/post"}],"author":[{"embeddable":true,"href":"https:\/\/przedszkole18.edu.wroclaw.pl\/index.php\/wp-json\/wp\/v2\/users\/115"}],"replies":[{"embeddable":true,"href":"https:\/\/przedszkole18.edu.wroclaw.pl\/index.php\/wp-json\/wp\/v2\/comments?post=11850"}],"version-history":[{"count":1,"href":"https:\/\/przedszkole18.edu.wroclaw.pl\/index.php\/wp-json\/wp\/v2\/posts\/11850\/revisions"}],"predecessor-version":[{"id":11851,"href":"https:\/\/przedszkole18.edu.wroclaw.pl\/index.php\/wp-json\/wp\/v2\/posts\/11850\/revisions\/11851"}],"wp:featuredmedia":[{"embeddable":true,"href":"https:\/\/przedszkole18.edu.wroclaw.pl\/index.php\/wp-json\/wp\/v2\/media\/11826"}],"wp:attachment":[{"href":"https:\/\/przedszkole18.edu.wroclaw.pl\/index.php\/wp-json\/wp\/v2\/media?parent=11850"}],"wp:term":[{"taxonomy":"category","embeddable":true,"href":"https:\/\/przedszkole18.edu.wroclaw.pl\/index.php\/wp-json\/wp\/v2\/categories?post=11850"},{"taxonomy":"post_tag","embeddable":true,"href":"https:\/\/przedszkole18.edu.wroclaw.pl\/index.php\/wp-json\/wp\/v2\/tags?post=11850"}],"curies":[{"name":"wp","href":"https:\/\/api.w.org\/{rel}","templated":true}]}}