
{"id":11875,"date":"2025-01-10T13:00:44","date_gmt":"2025-01-10T12:00:44","guid":{"rendered":"https:\/\/przedszkole18.edu.wroclaw.pl\/?p=11875"},"modified":"2025-01-10T13:00:44","modified_gmt":"2025-01-10T12:00:44","slug":"zapraszamy","status":"publish","type":"post","link":"https:\/\/przedszkole18.edu.wroclaw.pl\/index.php\/2025\/01\/10\/zapraszamy\/","title":{"rendered":"Zapraszamy!"},"content":{"rendered":"<p style=\"text-align: center\"><span style=\"font-size: 24pt;color: #003366\"><em><strong>&#8222;Jest taki dzie\u0144&#8230;.&#8221;<\/strong><\/em><\/span><br \/>\n<img loading=\"lazy\" decoding=\"async\" class=\"alignnone size-medium wp-image-11826\" src=\"https:\/\/przedszkole18.edu.wroclaw.pl\/wp-content\/uploads\/sites\/36\/2024\/12\/Swiateczny-wianek--300x300.jpg\" alt=\"\" width=\"300\" height=\"300\" srcset=\"https:\/\/przedszkole18.edu.wroclaw.pl\/wp-content\/uploads\/sites\/36\/2024\/12\/Swiateczny-wianek--300x300.jpg 300w, https:\/\/przedszkole18.edu.wroclaw.pl\/wp-content\/uploads\/sites\/36\/2024\/12\/Swiateczny-wianek--150x150.jpg 150w, https:\/\/przedszkole18.edu.wroclaw.pl\/wp-content\/uploads\/sites\/36\/2024\/12\/Swiateczny-wianek-.jpg 500w\" sizes=\"auto, (max-width: 300px) 100vw, 300px\" \/><img loading=\"lazy\" decoding=\"async\" class=\"alignnone size-medium wp-image-11826\" src=\"https:\/\/przedszkole18.edu.wroclaw.pl\/wp-content\/uploads\/sites\/36\/2024\/12\/Swiateczny-wianek--300x300.jpg\" alt=\"\" width=\"300\" height=\"300\" srcset=\"https:\/\/przedszkole18.edu.wroclaw.pl\/wp-content\/uploads\/sites\/36\/2024\/12\/Swiateczny-wianek--300x300.jpg 300w, https:\/\/przedszkole18.edu.wroclaw.pl\/wp-content\/uploads\/sites\/36\/2024\/12\/Swiateczny-wianek--150x150.jpg 150w, https:\/\/przedszkole18.edu.wroclaw.pl\/wp-content\/uploads\/sites\/36\/2024\/12\/Swiateczny-wianek-.jpg 500w\" sizes=\"auto, (max-width: 300px) 100vw, 300px\" \/><br \/>\n<span style=\"color: #000080\"><strong><em><span style=\"font-size: 18pt\">Szanowni Pa\u0144stwo.<\/span><\/em><\/strong><\/span><br \/>\n<span style=\"color: #000080\"><strong><em><span style=\"font-size: 18pt\">Zapraszamy na tradycyjny &#8222;Wiolinkowy Koncert Kol\u0119d&#8221;, kt\u00f3ry odb\u0119dzie si\u0119 15 stycznia 2025 roku.<\/span><\/em><\/strong><\/span><\/p>\n<p style=\"text-align: center\"><span style=\"color: #000080\"><strong><em><span style=\"font-size: 18pt\">Zaczynamy o godzinie 16.00 w sali grupy IV. <\/span><\/em><\/strong><\/span><\/p>\n<p style=\"text-align: center\"><span style=\"color: #008000\"><strong><em><span style=\"font-size: 18pt\"><span style=\"color: #000080\">W koncercie bior\u0105 udzia\u0142 dzieci z grup starszych.<\/span><br \/>\n<\/span><\/em><\/strong><\/span><\/p>\n<p style=\"text-align: center\"><span style=\"color: #008000;font-size: 14pt\"><em>\/ Bardzo prosimy o przygotowanie dla dzieci stroj\u00f3w galowych\/<\/em> <\/span><\/p>\n<p style=\"text-align: center\"><span style=\"color: #000080;font-size: 18pt\"><em><strong>Zapraszam serdecznie w imieniu ca\u0142ej spo\u0142eczno\u015bci Przedszkola nr 18 &#8222;Wiolinek&#8221; <\/strong><\/em><\/span><\/p>\n<p style=\"text-align: center\"><span style=\"font-size: 14pt;color: #000080\"><em>\u00a0<span style=\"font-size: 18pt\"><strong>Pozdrawiam,\u00a0 \u017cycz\u0105c jednocze\u015bnie\u00a0 wszystkiego dobrego w Nowym Roku 2025 .<\/strong><\/span>\u00a0 <span style=\"font-size: 12pt\">Dyrektor plac\u00f3wki <span style=\"color: #333399\">Lidia Walczak-I\u017cycka \u00a0<\/span><\/span><\/em> <\/span><\/p>\n","protected":false},"excerpt":{"rendered":"<p>&#8222;Jest taki dzie\u0144&#8230;.&#8221; Szanowni Pa\u0144stwo. Zapraszamy na tradycyjny &#8222;Wiolinkowy Koncert Kol\u0119d&#8221;, kt\u00f3ry odb\u0119dzie si\u0119 15 stycznia 2025 roku. Zaczynamy o godzinie 16.00 w sali grupy IV. W koncercie bior\u0105 udzia\u0142 [&hellip;]<\/p>\n","protected":false},"author":115,"featured_media":11861,"comment_status":"closed","ping_status":"closed","sticky":false,"template":"","format":"standard","meta":{"ngg_post_thumbnail":0,"footnotes":""},"categories":[3],"tags":[],"class_list":["post-11875","post","type-post","status-publish","format-standard","has-post-thumbnail","hentry","category-aktualnosci","clearfix"],"_links":{"self":[{"href":"https:\/\/przedszkole18.edu.wroclaw.pl\/index.php\/wp-json\/wp\/v2\/posts\/11875","targetHints":{"allow":["GET"]}}],"collection":[{"href":"https:\/\/przedszkole18.edu.wroclaw.pl\/index.php\/wp-json\/wp\/v2\/posts"}],"about":[{"href":"https:\/\/przedszkole18.edu.wroclaw.pl\/index.php\/wp-json\/wp\/v2\/types\/post"}],"author":[{"embeddable":true,"href":"https:\/\/przedszkole18.edu.wroclaw.pl\/index.php\/wp-json\/wp\/v2\/users\/115"}],"replies":[{"embeddable":true,"href":"https:\/\/przedszkole18.edu.wroclaw.pl\/index.php\/wp-json\/wp\/v2\/comments?post=11875"}],"version-history":[{"count":1,"href":"https:\/\/przedszkole18.edu.wroclaw.pl\/index.php\/wp-json\/wp\/v2\/posts\/11875\/revisions"}],"predecessor-version":[{"id":11876,"href":"https:\/\/przedszkole18.edu.wroclaw.pl\/index.php\/wp-json\/wp\/v2\/posts\/11875\/revisions\/11876"}],"wp:featuredmedia":[{"embeddable":true,"href":"https:\/\/przedszkole18.edu.wroclaw.pl\/index.php\/wp-json\/wp\/v2\/media\/11861"}],"wp:attachment":[{"href":"https:\/\/przedszkole18.edu.wroclaw.pl\/index.php\/wp-json\/wp\/v2\/media?parent=11875"}],"wp:term":[{"taxonomy":"category","embeddable":true,"href":"https:\/\/przedszkole18.edu.wroclaw.pl\/index.php\/wp-json\/wp\/v2\/categories?post=11875"},{"taxonomy":"post_tag","embeddable":true,"href":"https:\/\/przedszkole18.edu.wroclaw.pl\/index.php\/wp-json\/wp\/v2\/tags?post=11875"}],"curies":[{"name":"wp","href":"https:\/\/api.w.org\/{rel}","templated":true}]}}