
{"id":11913,"date":"2025-01-13T17:07:26","date_gmt":"2025-01-13T16:07:26","guid":{"rendered":"https:\/\/przedszkole18.edu.wroclaw.pl\/?p=11913"},"modified":"2025-01-13T17:08:22","modified_gmt":"2025-01-13T16:08:22","slug":"informacja-6","status":"publish","type":"post","link":"https:\/\/przedszkole18.edu.wroclaw.pl\/index.php\/2025\/01\/13\/informacja-6\/","title":{"rendered":"Informacja!"},"content":{"rendered":"<p><span style=\"font-size: 14pt;color: #800000\"><strong>Szanowni Pa\u0144stwo!<\/strong><\/span><\/p>\n<p><span style=\"color: #003366\"><em><span style=\"font-size: 14pt\">Otrzymujemy liczne informacje od rodzic\u00f3w o du\u017cej ilo\u015bci zachorowa\u0144, informujecie nas o zapaleniu p\u0142uc, szkarlatynie, anginie i licznych przypadkach typowych przezi\u0119bie\u0144. <\/span><\/em><\/span><span style=\"color: #003366\"><em><span style=\"font-size: 14pt\">W dniu dzisiejszym w plac\u00f3wce by\u0142o 50% wychowank\u00f3w. Bardzo prosz\u0119 obserwujcie dzieci, sprawdzajcie ich samopoczucie, przed podj\u0119ciem decyzji o przyprowadzeniu ich do plac\u00f3wki. <\/span><\/em><\/span><\/p>\n<p><span style=\"color: #003366\"><em><span style=\"font-size: 14pt\">\u017bycz\u0119 wszystkim du\u017co zdrowia. Pozdrawiam <span style=\"font-size: 12pt;color: #333399\">dyrektor plac\u00f3wki. Lidia Walczak-I\u017cycka\u00a0<\/span><\/span> <\/em><\/span><\/p>\n","protected":false},"excerpt":{"rendered":"<p>Szanowni Pa\u0144stwo! Otrzymujemy liczne informacje od rodzic\u00f3w o du\u017cej ilo\u015bci zachorowa\u0144, informujecie nas o zapaleniu p\u0142uc, szkarlatynie, anginie i licznych przypadkach typowych przezi\u0119bie\u0144. W dniu dzisiejszym w plac\u00f3wce by\u0142o 50% [&hellip;]<\/p>\n","protected":false},"author":115,"featured_media":11485,"comment_status":"closed","ping_status":"closed","sticky":false,"template":"","format":"standard","meta":{"ngg_post_thumbnail":0,"footnotes":""},"categories":[3],"tags":[],"class_list":["post-11913","post","type-post","status-publish","format-standard","has-post-thumbnail","hentry","category-aktualnosci","clearfix"],"_links":{"self":[{"href":"https:\/\/przedszkole18.edu.wroclaw.pl\/index.php\/wp-json\/wp\/v2\/posts\/11913","targetHints":{"allow":["GET"]}}],"collection":[{"href":"https:\/\/przedszkole18.edu.wroclaw.pl\/index.php\/wp-json\/wp\/v2\/posts"}],"about":[{"href":"https:\/\/przedszkole18.edu.wroclaw.pl\/index.php\/wp-json\/wp\/v2\/types\/post"}],"author":[{"embeddable":true,"href":"https:\/\/przedszkole18.edu.wroclaw.pl\/index.php\/wp-json\/wp\/v2\/users\/115"}],"replies":[{"embeddable":true,"href":"https:\/\/przedszkole18.edu.wroclaw.pl\/index.php\/wp-json\/wp\/v2\/comments?post=11913"}],"version-history":[{"count":2,"href":"https:\/\/przedszkole18.edu.wroclaw.pl\/index.php\/wp-json\/wp\/v2\/posts\/11913\/revisions"}],"predecessor-version":[{"id":11915,"href":"https:\/\/przedszkole18.edu.wroclaw.pl\/index.php\/wp-json\/wp\/v2\/posts\/11913\/revisions\/11915"}],"wp:featuredmedia":[{"embeddable":true,"href":"https:\/\/przedszkole18.edu.wroclaw.pl\/index.php\/wp-json\/wp\/v2\/media\/11485"}],"wp:attachment":[{"href":"https:\/\/przedszkole18.edu.wroclaw.pl\/index.php\/wp-json\/wp\/v2\/media?parent=11913"}],"wp:term":[{"taxonomy":"category","embeddable":true,"href":"https:\/\/przedszkole18.edu.wroclaw.pl\/index.php\/wp-json\/wp\/v2\/categories?post=11913"},{"taxonomy":"post_tag","embeddable":true,"href":"https:\/\/przedszkole18.edu.wroclaw.pl\/index.php\/wp-json\/wp\/v2\/tags?post=11913"}],"curies":[{"name":"wp","href":"https:\/\/api.w.org\/{rel}","templated":true}]}}