
{"id":11928,"date":"2025-01-24T15:31:38","date_gmt":"2025-01-24T14:31:38","guid":{"rendered":"https:\/\/przedszkole18.edu.wroclaw.pl\/?p=11928"},"modified":"2025-01-24T15:33:16","modified_gmt":"2025-01-24T14:33:16","slug":"bal-karnawalowy-2","status":"publish","type":"post","link":"https:\/\/przedszkole18.edu.wroclaw.pl\/index.php\/2025\/01\/24\/bal-karnawalowy-2\/","title":{"rendered":"Bal Karnawa\u0142owy!"},"content":{"rendered":"<p><em><span style=\"color: #000080\"><strong><span style=\"font-size: 14pt\">Kochane dzieci!<\/span><\/strong><\/span><\/em><\/p>\n<p><em><span style=\"color: #000080\"><strong><span style=\"font-size: 14pt\">Zapraszamy na Bal Karnawa\u0142owy\u00a0\u00a0 31.01.2025r\u00a0 \/pi\u0105tek\/ zaczynamy o godzinie 9.15\u00a0 bawimy si\u0119 wsp\u00f3lnie do godziny 11.00<\/span><\/strong><\/span><\/em><\/p>\n<p><span style=\"font-size: 14pt;color: #008000\"><em><strong> Zgodnie z Pa\u0144stwa \u017cyczeniem,\u00a0 zaprosimy dzieci do zrobienia pami\u0105tkowych zdj\u0119\u0107 indywidualnych i grupowych. <a href=\"https:\/\/przedszkole18.edu.wroclaw.pl\/wp-content\/uploads\/sites\/36\/2025\/01\/Zdjecia-Bal.pdf\">Zdj\u0119cia Bal<\/a><\/strong><\/em><\/span><\/p>\n<p><span style=\"font-size: 14pt;color: #008000\"><em><strong>W planie konkursy i zabawy przygotowane przez nauczycieli. Biletem wst\u0119pu s\u0105 stroje, kreacje przygotowane dla dzieci przez Pa\u0144stwa.<\/strong> <\/em><\/span><span style=\"font-size: 14pt;color: #003366\"><em><strong>\u017byczymy wszystkim udanej zabawy i du\u017co rado\u015bci.<\/strong> <\/em><\/span><\/p>\n<p>&nbsp;<\/p>\n","protected":false},"excerpt":{"rendered":"<p>Kochane dzieci! Zapraszamy na Bal Karnawa\u0142owy\u00a0\u00a0 31.01.2025r\u00a0 \/pi\u0105tek\/ zaczynamy o godzinie 9.15\u00a0 bawimy si\u0119 wsp\u00f3lnie do godziny 11.00 Zgodnie z Pa\u0144stwa \u017cyczeniem,\u00a0 zaprosimy dzieci do zrobienia pami\u0105tkowych zdj\u0119\u0107 indywidualnych i [&hellip;]<\/p>\n","protected":false},"author":115,"featured_media":11294,"comment_status":"closed","ping_status":"closed","sticky":false,"template":"","format":"standard","meta":{"ngg_post_thumbnail":0,"footnotes":""},"categories":[3],"tags":[],"class_list":["post-11928","post","type-post","status-publish","format-standard","has-post-thumbnail","hentry","category-aktualnosci","clearfix"],"_links":{"self":[{"href":"https:\/\/przedszkole18.edu.wroclaw.pl\/index.php\/wp-json\/wp\/v2\/posts\/11928","targetHints":{"allow":["GET"]}}],"collection":[{"href":"https:\/\/przedszkole18.edu.wroclaw.pl\/index.php\/wp-json\/wp\/v2\/posts"}],"about":[{"href":"https:\/\/przedszkole18.edu.wroclaw.pl\/index.php\/wp-json\/wp\/v2\/types\/post"}],"author":[{"embeddable":true,"href":"https:\/\/przedszkole18.edu.wroclaw.pl\/index.php\/wp-json\/wp\/v2\/users\/115"}],"replies":[{"embeddable":true,"href":"https:\/\/przedszkole18.edu.wroclaw.pl\/index.php\/wp-json\/wp\/v2\/comments?post=11928"}],"version-history":[{"count":2,"href":"https:\/\/przedszkole18.edu.wroclaw.pl\/index.php\/wp-json\/wp\/v2\/posts\/11928\/revisions"}],"predecessor-version":[{"id":11931,"href":"https:\/\/przedszkole18.edu.wroclaw.pl\/index.php\/wp-json\/wp\/v2\/posts\/11928\/revisions\/11931"}],"wp:featuredmedia":[{"embeddable":true,"href":"https:\/\/przedszkole18.edu.wroclaw.pl\/index.php\/wp-json\/wp\/v2\/media\/11294"}],"wp:attachment":[{"href":"https:\/\/przedszkole18.edu.wroclaw.pl\/index.php\/wp-json\/wp\/v2\/media?parent=11928"}],"wp:term":[{"taxonomy":"category","embeddable":true,"href":"https:\/\/przedszkole18.edu.wroclaw.pl\/index.php\/wp-json\/wp\/v2\/categories?post=11928"},{"taxonomy":"post_tag","embeddable":true,"href":"https:\/\/przedszkole18.edu.wroclaw.pl\/index.php\/wp-json\/wp\/v2\/tags?post=11928"}],"curies":[{"name":"wp","href":"https:\/\/api.w.org\/{rel}","templated":true}]}}