
{"id":11932,"date":"2025-01-24T15:53:46","date_gmt":"2025-01-24T14:53:46","guid":{"rendered":"https:\/\/przedszkole18.edu.wroclaw.pl\/?p=11932"},"modified":"2025-01-24T15:56:14","modified_gmt":"2025-01-24T14:56:14","slug":"dotyczy-remontu-2","status":"publish","type":"post","link":"https:\/\/przedszkole18.edu.wroclaw.pl\/index.php\/2025\/01\/24\/dotyczy-remontu-2\/","title":{"rendered":"Dotyczy Remontu!"},"content":{"rendered":"<p><span style=\"color: #003366\"><em><strong><span style=\"font-size: 14pt\">Szanowni Pa\u0144stwo!<\/span><\/strong><\/em><\/span><\/p>\n<p><span style=\"color: #003366\"><em><strong><span style=\"font-size: 14pt\">W ko\u0142o nas troch\u0119 ba\u0142aganu i trudnych prac, kt\u00f3re ekipa remontuj\u0105ca stara si\u0119 wykonywa\u0107 tak, by nie zaburza\u0107\u00a0 naszego funkcjonowania. Mamy umow\u0119, \u017ce w trakcie trwania ciszy m\u0142odszych dzieci wy\u0142\u0105czane s\u0105 wszystkie maszyny,\u00a0 by nie zak\u0142\u00f3ca\u0107 wypoczynku. Jeste\u015bmy w po\u0142owie prac, budynek wygl\u0105da coraz \u0142adniej, \u00a0 jak s\u0142ysz\u0119 od Pa\u0144stwa,\u00a0 to cieszy.\u00a0 Przed nami jednak,\u00a0 prace zwi\u0105zane z wymian\u0105 drzwi, g\u0142\u00f3wnego wej\u015bcia do plac\u00f3wki i remontem schod\u00f3w. Od przysz\u0142ego tygodnia,\u00a0 uruchomimy dla Pa\u0144stwa wej\u015bcie boczne werandy i to w\u0142a\u015bnie od tej strony zapraszamy do przedszkola.<\/span><\/strong><\/em><\/span><\/p>\n<p><span style=\"color: #003366\"><em><strong><span style=\"font-size: 14pt\">Jeste\u015bmy\u00a0 w trakcie rozm\u00f3w pozwalaj\u0105cych na przeniesienie czytnika czasu pobytu dzieci i mamy nadziej\u0119, \u017ce uda si\u0119 to przeprowadzi\u0107. Je\u017celi jednak b\u0119dzie z tym problem, b\u0119dziemy opiera\u0107 si\u0119 na zapisie godzin przyprowadzania i odbierania dzieci z dziennika papierowego, kt\u00f3ry prowadzi ka\u017cda grupa przedszkolna. Bardzo prosimy o zachowanie szczeg\u00f3lnej ostro\u017cno\u015bci w trakcie odbierania dzieci, w tej cz\u0119\u015bci budynku nie ma domofonu. W godzinach popo\u0142udniowych uruchomimy dy\u017cur pracownik\u00f3w, by zwi\u0119kszy\u0107 bezpiecze\u0144stwo dzieci.<\/span><\/strong><\/em><\/span><\/p>\n<p><span style=\"color: #003366\"><em><strong><span style=\"font-size: 14pt\">Pozdrawiam serdecznie i dzi\u0119kuj\u0119 za zrozumienie. <\/span><\/strong><span style=\"font-size: 12pt;color: #666699\">Dyrektor plac\u00f3wki Lidia Walczak-I\u017cycka<\/span><\/em><\/span><\/p>\n","protected":false},"excerpt":{"rendered":"<p>Szanowni Pa\u0144stwo! W ko\u0142o nas troch\u0119 ba\u0142aganu i trudnych prac, kt\u00f3re ekipa remontuj\u0105ca stara si\u0119 wykonywa\u0107 tak, by nie zaburza\u0107\u00a0 naszego funkcjonowania. Mamy umow\u0119, \u017ce w trakcie trwania ciszy m\u0142odszych [&hellip;]<\/p>\n","protected":false},"author":115,"featured_media":11486,"comment_status":"closed","ping_status":"closed","sticky":false,"template":"","format":"standard","meta":{"ngg_post_thumbnail":0,"footnotes":""},"categories":[3],"tags":[],"class_list":["post-11932","post","type-post","status-publish","format-standard","has-post-thumbnail","hentry","category-aktualnosci","clearfix"],"_links":{"self":[{"href":"https:\/\/przedszkole18.edu.wroclaw.pl\/index.php\/wp-json\/wp\/v2\/posts\/11932","targetHints":{"allow":["GET"]}}],"collection":[{"href":"https:\/\/przedszkole18.edu.wroclaw.pl\/index.php\/wp-json\/wp\/v2\/posts"}],"about":[{"href":"https:\/\/przedszkole18.edu.wroclaw.pl\/index.php\/wp-json\/wp\/v2\/types\/post"}],"author":[{"embeddable":true,"href":"https:\/\/przedszkole18.edu.wroclaw.pl\/index.php\/wp-json\/wp\/v2\/users\/115"}],"replies":[{"embeddable":true,"href":"https:\/\/przedszkole18.edu.wroclaw.pl\/index.php\/wp-json\/wp\/v2\/comments?post=11932"}],"version-history":[{"count":3,"href":"https:\/\/przedszkole18.edu.wroclaw.pl\/index.php\/wp-json\/wp\/v2\/posts\/11932\/revisions"}],"predecessor-version":[{"id":11935,"href":"https:\/\/przedszkole18.edu.wroclaw.pl\/index.php\/wp-json\/wp\/v2\/posts\/11932\/revisions\/11935"}],"wp:featuredmedia":[{"embeddable":true,"href":"https:\/\/przedszkole18.edu.wroclaw.pl\/index.php\/wp-json\/wp\/v2\/media\/11486"}],"wp:attachment":[{"href":"https:\/\/przedszkole18.edu.wroclaw.pl\/index.php\/wp-json\/wp\/v2\/media?parent=11932"}],"wp:term":[{"taxonomy":"category","embeddable":true,"href":"https:\/\/przedszkole18.edu.wroclaw.pl\/index.php\/wp-json\/wp\/v2\/categories?post=11932"},{"taxonomy":"post_tag","embeddable":true,"href":"https:\/\/przedszkole18.edu.wroclaw.pl\/index.php\/wp-json\/wp\/v2\/tags?post=11932"}],"curies":[{"name":"wp","href":"https:\/\/api.w.org\/{rel}","templated":true}]}}