
{"id":12017,"date":"2025-02-07T19:07:01","date_gmt":"2025-02-07T18:07:01","guid":{"rendered":"https:\/\/przedszkole18.edu.wroclaw.pl\/?p=12017"},"modified":"2025-02-07T19:07:01","modified_gmt":"2025-02-07T18:07:01","slug":"pierwsza-pomoc-zajecia","status":"publish","type":"post","link":"https:\/\/przedszkole18.edu.wroclaw.pl\/index.php\/2025\/02\/07\/pierwsza-pomoc-zajecia\/","title":{"rendered":"PIERWSZA POMOC &#8211; ZAJ\u0118CIA"},"content":{"rendered":"<p><strong><span style=\"color: #0000ff;font-size: 14pt\">13 lutego nasze przedszkole odwiedz\u0105 pracownicy Stra\u017cy Miejskiej. W ramach zaj\u0119\u0107 edukacyjnych dzieci dowiedz\u0105 si\u0119 jak przeprowadzi\u0107 czynno\u015bci mog\u0105ce uratowa\u0107 \u017cycie oraz prze\u0107wicz\u0105 resuscytacj\u0119 na specjalnych fantomach.<\/span><\/strong><\/p>\n","protected":false},"excerpt":{"rendered":"<p>13 lutego nasze przedszkole odwiedz\u0105 pracownicy Stra\u017cy Miejskiej. W ramach zaj\u0119\u0107 edukacyjnych dzieci dowiedz\u0105 si\u0119 jak przeprowadzi\u0107 czynno\u015bci mog\u0105ce uratowa\u0107 \u017cycie oraz prze\u0107wicz\u0105 resuscytacj\u0119 na specjalnych fantomach.<\/p>\n","protected":false},"author":108,"featured_media":11485,"comment_status":"closed","ping_status":"closed","sticky":false,"template":"","format":"standard","meta":{"ngg_post_thumbnail":0,"footnotes":""},"categories":[3],"tags":[],"class_list":["post-12017","post","type-post","status-publish","format-standard","has-post-thumbnail","hentry","category-aktualnosci","clearfix"],"_links":{"self":[{"href":"https:\/\/przedszkole18.edu.wroclaw.pl\/index.php\/wp-json\/wp\/v2\/posts\/12017","targetHints":{"allow":["GET"]}}],"collection":[{"href":"https:\/\/przedszkole18.edu.wroclaw.pl\/index.php\/wp-json\/wp\/v2\/posts"}],"about":[{"href":"https:\/\/przedszkole18.edu.wroclaw.pl\/index.php\/wp-json\/wp\/v2\/types\/post"}],"author":[{"embeddable":true,"href":"https:\/\/przedszkole18.edu.wroclaw.pl\/index.php\/wp-json\/wp\/v2\/users\/108"}],"replies":[{"embeddable":true,"href":"https:\/\/przedszkole18.edu.wroclaw.pl\/index.php\/wp-json\/wp\/v2\/comments?post=12017"}],"version-history":[{"count":1,"href":"https:\/\/przedszkole18.edu.wroclaw.pl\/index.php\/wp-json\/wp\/v2\/posts\/12017\/revisions"}],"predecessor-version":[{"id":12018,"href":"https:\/\/przedszkole18.edu.wroclaw.pl\/index.php\/wp-json\/wp\/v2\/posts\/12017\/revisions\/12018"}],"wp:featuredmedia":[{"embeddable":true,"href":"https:\/\/przedszkole18.edu.wroclaw.pl\/index.php\/wp-json\/wp\/v2\/media\/11485"}],"wp:attachment":[{"href":"https:\/\/przedszkole18.edu.wroclaw.pl\/index.php\/wp-json\/wp\/v2\/media?parent=12017"}],"wp:term":[{"taxonomy":"category","embeddable":true,"href":"https:\/\/przedszkole18.edu.wroclaw.pl\/index.php\/wp-json\/wp\/v2\/categories?post=12017"},{"taxonomy":"post_tag","embeddable":true,"href":"https:\/\/przedszkole18.edu.wroclaw.pl\/index.php\/wp-json\/wp\/v2\/tags?post=12017"}],"curies":[{"name":"wp","href":"https:\/\/api.w.org\/{rel}","templated":true}]}}