
{"id":12039,"date":"2025-02-12T14:04:16","date_gmt":"2025-02-12T13:04:16","guid":{"rendered":"https:\/\/przedszkole18.edu.wroclaw.pl\/?p=12039"},"modified":"2025-02-12T14:04:16","modified_gmt":"2025-02-12T13:04:16","slug":"chcemy-pomagac","status":"publish","type":"post","link":"https:\/\/przedszkole18.edu.wroclaw.pl\/index.php\/2025\/02\/12\/chcemy-pomagac\/","title":{"rendered":"Chcemy pomaga\u0107 !"},"content":{"rendered":"<p><span style=\"color: #000080;font-size: 14pt\"><em><strong>Szanowni Rodzice!\u00a0<\/strong><\/em><\/span><\/p>\n<p><span style=\"font-size: 14pt\"><em><strong><span style=\"color: #800080\"> Otrzymali\u015bmy zaproszenie,\u00a0 do\u0142\u0105czenia do\u00a0 akcji Reksio dla Gambii.<\/span> <\/strong><\/em><\/span><\/p>\n<p><span style=\"color: #000080\">Znaj\u0105c Pa\u0144stwa, Wasze\u00a0 zaanga\u017cowanie w\u00a0 akcje, kt\u00f3re wcze\u015bniej wspierali\u015bmy , chcemy wsp\u00f3lnie z Wami\u00a0 w\u0142\u0105czy\u0107 si\u0119 w t\u0119 form\u0119 pomocy.\u00a0 Gambia to daleki kraj,\u00a0 ale akcja bardzo szlachetna, nie zbieramy pieni\u0119dzy, a \u015brodki opatrunkowe, kt\u00f3re mog\u0105 wesprze\u0107 i pom\u00f3c w leczeniu i opiece nad zwierz\u0119tami. Opatrunki mog\u0105 by\u0107 nowe lub\u00a0 zebrane z apteczek, kt\u00f3re ju\u017c straci\u0142y wa\u017cno\u015b\u0107. W\u0142\u0105czaj\u0105c si\u0119 otwieramy nasze serca dla innych, dajemy przyk\u0142ad naszym najm\u0142odszym uczymy, \u017ce warto pomaga\u0107, a dobro powraca.<\/span><\/p>\n<p><span style=\"color: #000080\"> Plac\u00f3wka otrzyma wszystkie niezb\u0119dne materia\u0142y \u2013 plakaty informacyjne, kt\u00f3re wyja\u015bniaj\u0105 ide\u0119 Pomocy dla Gambii, podzi\u0119kowanie za zebrane dary, naklejki dla dzieci.<\/span><\/p>\n<p><span style=\"color: #000080\"> Po otrzymaniu od organizator\u00f3w plakat\u00f3w i ulotek rozpoczniemy zbi\u00f3rk\u0119 do przygotowanych pojemnik\u00f3w.\u00a0 Po zbi\u00f3rce, dary prze\u015blemy &#8211;\u00a0 adres organizatora:\u00a0 43-502 Czechowice-Dziedzice, ul. Cienista 32d.\u00a0 A oni ju\u017c\u00a0 dary przeka\u017c\u0105\u00a0 gambijskiemu schronisku.<\/span><\/p>\n<p><span style=\"color: #000080\"> Wchodz\u0105c na poni\u017csze linki dowiecie si\u0119 Pa\u0144stwo wszystkiego o czym\u00a0 warto w tym temacie wiedzie\u0107. Gambia to u\u015bmiechni\u0119te wybrze\u017ce Afryki, kt\u00f3re od niedawna otwarte jest na polskich turyst\u00f3w,\u00a0 kraj \u017cyczliwy, szczery, biedny.<\/span><\/p>\n<p><span style=\"color: #008000\"> Widz\u0105c ogromne potrzeby mieszkaj\u0105cych tam ps\u00f3w, warunki w jakich \u017cyj\u0105 chcieliby\u015bmy pom\u00f3c tamtejszej organizacji The Gambia Horse and Donkey Trust,\u00a0 kt\u00f3re jako najwi\u0119ksza organizacja pro zwierz\u0119ca w kraju\u00a0 z zapa\u0142em dba o dobro zwierz\u0105t w Gambii.\u00a0 Ich profil mo\u017cecie \u015bledzi\u0107 na\u00a0 facebooku<\/span> <a href=\"https:\/\/www.facebook.com\/gambiahorseanddonkey\">https:\/\/www.facebook.com\/gambiahorseanddonkey<\/a><\/p>\n<p style=\"background: white\"><span style=\"font-size: 11.5pt;font-family: 'Segoe UI', 'sans-serif';color: #008000\">Zach\u0119camy do udost\u0119pnienia na mediach spo\u0142eczno\u015bciowych informacji o akcji\u00a0<\/span><\/p>\n<p><a href=\"https:\/\/www.facebook.com\/stowarzyszeniereksio\/posts\/pfbid0K46RR4A2oELrpbSpk8YiEtjsWkHqmdwTjpUP9PxiHTtYi3rktv4RXt9LKipbdbULl?rdid=aPMLbwC67Ix7a5gG\">https:\/\/www.facebook.com\/stowarzyszeniereksio\/posts\/pfbid0K46RR4A2oELrpbSpk8YiEtjsWkHqmdwTjpUP9PxiHTtYi3rktv4RXt9LKipbdbULl?rdid=aPMLbwC67Ix7a5gG<\/a><\/p>\n<p><span style=\"color: #000080\"><em>Pozdrawiam i \u017cycz\u0119 du\u017co zdrowia. <span style=\"color: #666699\">Dyrektor plac\u00f3wki Lidia Walczak-I\u017cycka<\/span><\/em> <\/span><\/p>\n","protected":false},"excerpt":{"rendered":"<p>Szanowni Rodzice!\u00a0 Otrzymali\u015bmy zaproszenie,\u00a0 do\u0142\u0105czenia do\u00a0 akcji Reksio dla Gambii. Znaj\u0105c Pa\u0144stwa, Wasze\u00a0 zaanga\u017cowanie w\u00a0 akcje, kt\u00f3re wcze\u015bniej wspierali\u015bmy , chcemy wsp\u00f3lnie z Wami\u00a0 w\u0142\u0105czy\u0107 si\u0119 w t\u0119 form\u0119 pomocy.\u00a0 [&hellip;]<\/p>\n","protected":false},"author":115,"featured_media":10778,"comment_status":"closed","ping_status":"closed","sticky":false,"template":"","format":"standard","meta":{"ngg_post_thumbnail":0,"footnotes":""},"categories":[3],"tags":[],"class_list":["post-12039","post","type-post","status-publish","format-standard","has-post-thumbnail","hentry","category-aktualnosci","clearfix"],"_links":{"self":[{"href":"https:\/\/przedszkole18.edu.wroclaw.pl\/index.php\/wp-json\/wp\/v2\/posts\/12039","targetHints":{"allow":["GET"]}}],"collection":[{"href":"https:\/\/przedszkole18.edu.wroclaw.pl\/index.php\/wp-json\/wp\/v2\/posts"}],"about":[{"href":"https:\/\/przedszkole18.edu.wroclaw.pl\/index.php\/wp-json\/wp\/v2\/types\/post"}],"author":[{"embeddable":true,"href":"https:\/\/przedszkole18.edu.wroclaw.pl\/index.php\/wp-json\/wp\/v2\/users\/115"}],"replies":[{"embeddable":true,"href":"https:\/\/przedszkole18.edu.wroclaw.pl\/index.php\/wp-json\/wp\/v2\/comments?post=12039"}],"version-history":[{"count":1,"href":"https:\/\/przedszkole18.edu.wroclaw.pl\/index.php\/wp-json\/wp\/v2\/posts\/12039\/revisions"}],"predecessor-version":[{"id":12040,"href":"https:\/\/przedszkole18.edu.wroclaw.pl\/index.php\/wp-json\/wp\/v2\/posts\/12039\/revisions\/12040"}],"wp:featuredmedia":[{"embeddable":true,"href":"https:\/\/przedszkole18.edu.wroclaw.pl\/index.php\/wp-json\/wp\/v2\/media\/10778"}],"wp:attachment":[{"href":"https:\/\/przedszkole18.edu.wroclaw.pl\/index.php\/wp-json\/wp\/v2\/media?parent=12039"}],"wp:term":[{"taxonomy":"category","embeddable":true,"href":"https:\/\/przedszkole18.edu.wroclaw.pl\/index.php\/wp-json\/wp\/v2\/categories?post=12039"},{"taxonomy":"post_tag","embeddable":true,"href":"https:\/\/przedszkole18.edu.wroclaw.pl\/index.php\/wp-json\/wp\/v2\/tags?post=12039"}],"curies":[{"name":"wp","href":"https:\/\/api.w.org\/{rel}","templated":true}]}}