
{"id":12169,"date":"2025-03-05T15:59:08","date_gmt":"2025-03-05T14:59:08","guid":{"rendered":"https:\/\/przedszkole18.edu.wroclaw.pl\/?p=12169"},"modified":"2025-03-05T15:59:08","modified_gmt":"2025-03-05T14:59:08","slug":"dzien-otwarty-w-wiolinku-2","status":"publish","type":"post","link":"https:\/\/przedszkole18.edu.wroclaw.pl\/index.php\/2025\/03\/05\/dzien-otwarty-w-wiolinku-2\/","title":{"rendered":"Dzie\u0144 otwarty w &#8222;Wiolinku&#8221;"},"content":{"rendered":"<p><span style=\"font-size: 14pt;color: #000080\"><em><strong>Zapraszamy zainteresowanych rodzic\u00f3w wraz z dzie\u0107mi na dzie\u0144 otwarty, 12 marca godzina 17.00 &#8211; 18.30\u00a0<\/strong><\/em><\/span><\/p>\n<p><span style=\"font-size: 14pt;color: #000080\"><em><strong> Prosimy o przyniesienie zmiennego obuwia dla dzieci.\u00a0<\/strong><\/em><\/span><span style=\"font-size: 14pt;color: #000080\"><em><strong> \u017byczymy dobrej zabawy i mi\u0142ych wra\u017ce\u0144. Do zobaczenia.<br \/>\n<\/strong><\/em><\/span><\/p>\n<p><span style=\"font-size: 14pt;color: #000080\"><em>\u00a0<\/em><\/span><\/p>\n","protected":false},"excerpt":{"rendered":"<p>Zapraszamy zainteresowanych rodzic\u00f3w wraz z dzie\u0107mi na dzie\u0144 otwarty, 12 marca godzina 17.00 &#8211; 18.30\u00a0 Prosimy o przyniesienie zmiennego obuwia dla dzieci.\u00a0 \u017byczymy dobrej zabawy i mi\u0142ych wra\u017ce\u0144. Do zobaczenia. [&hellip;]<\/p>\n","protected":false},"author":115,"featured_media":12168,"comment_status":"closed","ping_status":"closed","sticky":false,"template":"","format":"standard","meta":{"ngg_post_thumbnail":0,"footnotes":""},"categories":[3],"tags":[],"class_list":["post-12169","post","type-post","status-publish","format-standard","has-post-thumbnail","hentry","category-aktualnosci","clearfix"],"_links":{"self":[{"href":"https:\/\/przedszkole18.edu.wroclaw.pl\/index.php\/wp-json\/wp\/v2\/posts\/12169","targetHints":{"allow":["GET"]}}],"collection":[{"href":"https:\/\/przedszkole18.edu.wroclaw.pl\/index.php\/wp-json\/wp\/v2\/posts"}],"about":[{"href":"https:\/\/przedszkole18.edu.wroclaw.pl\/index.php\/wp-json\/wp\/v2\/types\/post"}],"author":[{"embeddable":true,"href":"https:\/\/przedszkole18.edu.wroclaw.pl\/index.php\/wp-json\/wp\/v2\/users\/115"}],"replies":[{"embeddable":true,"href":"https:\/\/przedszkole18.edu.wroclaw.pl\/index.php\/wp-json\/wp\/v2\/comments?post=12169"}],"version-history":[{"count":1,"href":"https:\/\/przedszkole18.edu.wroclaw.pl\/index.php\/wp-json\/wp\/v2\/posts\/12169\/revisions"}],"predecessor-version":[{"id":12170,"href":"https:\/\/przedszkole18.edu.wroclaw.pl\/index.php\/wp-json\/wp\/v2\/posts\/12169\/revisions\/12170"}],"wp:featuredmedia":[{"embeddable":true,"href":"https:\/\/przedszkole18.edu.wroclaw.pl\/index.php\/wp-json\/wp\/v2\/media\/12168"}],"wp:attachment":[{"href":"https:\/\/przedszkole18.edu.wroclaw.pl\/index.php\/wp-json\/wp\/v2\/media?parent=12169"}],"wp:term":[{"taxonomy":"category","embeddable":true,"href":"https:\/\/przedszkole18.edu.wroclaw.pl\/index.php\/wp-json\/wp\/v2\/categories?post=12169"},{"taxonomy":"post_tag","embeddable":true,"href":"https:\/\/przedszkole18.edu.wroclaw.pl\/index.php\/wp-json\/wp\/v2\/tags?post=12169"}],"curies":[{"name":"wp","href":"https:\/\/api.w.org\/{rel}","templated":true}]}}