
{"id":12207,"date":"2025-03-10T14:57:43","date_gmt":"2025-03-10T13:57:43","guid":{"rendered":"https:\/\/przedszkole18.edu.wroclaw.pl\/?p=12207"},"modified":"2025-03-10T14:57:43","modified_gmt":"2025-03-10T13:57:43","slug":"wola-kontynuacji-2025-2026","status":"publish","type":"post","link":"https:\/\/przedszkole18.edu.wroclaw.pl\/index.php\/2025\/03\/10\/wola-kontynuacji-2025-2026\/","title":{"rendered":"Wola kontynuacji 2025\/2026"},"content":{"rendered":"<p><span style=\"font-size: 14pt;color: #003366\"><strong><em>Szanowni Pa\u0144stwo.<\/em> <\/strong><\/span><\/p>\n<p><span style=\"color: #008000;font-size: 14pt\">Wst\u0119pem do nowego roku Szkolnego,\u00a0 jest deklaracja\u00a0 woli kontynuowania\u00a0 ucz\u0119szczania do naszej plac\u00f3wki w nowym roku szkolnym. To pierwszy z dokument\u00f3w, kt\u00f3ry pozwoli nam na okre\u015blenie ilo\u015bci miejsc dla dzieci,\u00a0 kt\u00f3re b\u0119d\u0105 bra\u0142y udzia\u0142 w tegorocznej rekrutacji na nowy rok szkolny.\u00a0 Dokument mo\u017cna pobra\u0107 ze strony<\/span> <a href=\"https:\/\/przedszkole18.edu.wroclaw.pl\/wp-content\/uploads\/sites\/36\/2025\/03\/KONTYNUACJA-P.docx\">KONTYNUACJA &#8211; P<\/a>\u00a0 <span style=\"color: #008000;font-size: 14pt\">b\u0105d\u017a wype\u0142nienie go w przedszkolu i z\u0142o\u017cy\u0107\u00a0 w przygotowanej skrzynce &#8211; hol dolny<\/span>.\u00a0 <span style=\"color: #000080;font-size: 14pt\"><strong>Czas na z\u0142o\u017cenie dokumentu\u00a0 10-14 .03.2025r.<\/strong> <\/span><\/p>\n<p><span style=\"font-size: 14pt\"><span style=\"color: #008000\"> Rodzice kt\u00f3rzy chc\u0105 przenie\u015b\u0107 dzieci do innego przedszkola,\u00a0 powinni\u00a0 z\u0142o\u017cy\u0107 deklaracj\u0119 i dopisa\u0107 na dokumencie<\/span>\u00a0 <strong><span style=\"color: #ff0000\">NIE DEKLARUJ\u0118<\/span><\/strong>\u00a0 <span style=\"color: #008000\">b\u0119dzie to sygna\u0142,\u00a0 na usuni\u0119cie z bazy plac\u00f3wki danego dzieci w nowym roku szkolnym.\u00a0 <span style=\"color: #003366\">Deklaracje dotycz\u0105 dzieci z grup I, II ,III<\/span><\/span><\/span><\/p>\n","protected":false},"excerpt":{"rendered":"<p>Szanowni Pa\u0144stwo. Wst\u0119pem do nowego roku Szkolnego,\u00a0 jest deklaracja\u00a0 woli kontynuowania\u00a0 ucz\u0119szczania do naszej plac\u00f3wki w nowym roku szkolnym. To pierwszy z dokument\u00f3w, kt\u00f3ry pozwoli nam na okre\u015blenie ilo\u015bci miejsc [&hellip;]<\/p>\n","protected":false},"author":115,"featured_media":11292,"comment_status":"closed","ping_status":"closed","sticky":false,"template":"","format":"standard","meta":{"ngg_post_thumbnail":0,"footnotes":""},"categories":[3],"tags":[],"class_list":["post-12207","post","type-post","status-publish","format-standard","has-post-thumbnail","hentry","category-aktualnosci","clearfix"],"_links":{"self":[{"href":"https:\/\/przedszkole18.edu.wroclaw.pl\/index.php\/wp-json\/wp\/v2\/posts\/12207","targetHints":{"allow":["GET"]}}],"collection":[{"href":"https:\/\/przedszkole18.edu.wroclaw.pl\/index.php\/wp-json\/wp\/v2\/posts"}],"about":[{"href":"https:\/\/przedszkole18.edu.wroclaw.pl\/index.php\/wp-json\/wp\/v2\/types\/post"}],"author":[{"embeddable":true,"href":"https:\/\/przedszkole18.edu.wroclaw.pl\/index.php\/wp-json\/wp\/v2\/users\/115"}],"replies":[{"embeddable":true,"href":"https:\/\/przedszkole18.edu.wroclaw.pl\/index.php\/wp-json\/wp\/v2\/comments?post=12207"}],"version-history":[{"count":1,"href":"https:\/\/przedszkole18.edu.wroclaw.pl\/index.php\/wp-json\/wp\/v2\/posts\/12207\/revisions"}],"predecessor-version":[{"id":12208,"href":"https:\/\/przedszkole18.edu.wroclaw.pl\/index.php\/wp-json\/wp\/v2\/posts\/12207\/revisions\/12208"}],"wp:featuredmedia":[{"embeddable":true,"href":"https:\/\/przedszkole18.edu.wroclaw.pl\/index.php\/wp-json\/wp\/v2\/media\/11292"}],"wp:attachment":[{"href":"https:\/\/przedszkole18.edu.wroclaw.pl\/index.php\/wp-json\/wp\/v2\/media?parent=12207"}],"wp:term":[{"taxonomy":"category","embeddable":true,"href":"https:\/\/przedszkole18.edu.wroclaw.pl\/index.php\/wp-json\/wp\/v2\/categories?post=12207"},{"taxonomy":"post_tag","embeddable":true,"href":"https:\/\/przedszkole18.edu.wroclaw.pl\/index.php\/wp-json\/wp\/v2\/tags?post=12207"}],"curies":[{"name":"wp","href":"https:\/\/api.w.org\/{rel}","templated":true}]}}