
{"id":12209,"date":"2025-03-10T15:28:18","date_gmt":"2025-03-10T14:28:18","guid":{"rendered":"https:\/\/przedszkole18.edu.wroclaw.pl\/?p=12209"},"modified":"2025-03-10T15:29:20","modified_gmt":"2025-03-10T14:29:20","slug":"remont-budynku-2","status":"publish","type":"post","link":"https:\/\/przedszkole18.edu.wroclaw.pl\/index.php\/2025\/03\/10\/remont-budynku-2\/","title":{"rendered":"Remont budynku!"},"content":{"rendered":"<p><em><strong><span style=\"font-size: 14pt;color: #003366\">Szanowni Pa\u0144stwo.<\/span><\/strong><\/em><\/p>\n<p><span style=\"font-size: 14pt;color: #008000\">W pi\u0105tek oficjalnie\u00a0 zako\u0144czyli\u015bmy remont budynku, jak sami Pa\u0144stwo stwierdzili nasze oblicze bardzo si\u0119 zmieni\u0142o, wypi\u0119knia\u0142o! Pozosta\u0142o jeszcze kilka drobnych poprawek, kt\u00f3re ekipa usunie w najbli\u017cszym czasie.\u00a0 Ogr\u00f3d stopniowo b\u0119dzie doczyszczany i obsiewany\u00a0 trawa, tu oczywi\u015bcie liczymy na Pa\u0144stwa pomoc. \u00a0 <\/span><\/p>\n<p><span style=\"font-size: 14pt;color: #003366\">Ogromna pro\u015bba do wszystkich, korzystaj\u0105cych z ogrodu po odebraniu dzieci z plac\u00f3wki.\u00a0<\/span><\/p>\n<p><span style=\"font-size: 14pt;color: #003366\"> Prosz\u0119 pami\u0119ta\u0107, \u017ce dzieci odebrane pozostaj\u0105 pod Pa\u0144stwa opiek\u0105 i nie dopuszczalne jest, by dzieci biega\u0142y na ty\u0142ach ogrodu, a Pa\u0144stwo ten czas sp\u0119dzacie nie widz\u0105c co robi\u0105 pociechy ! Bezpiecze\u0144stwo to jedno z kluczowych hase\u0142, kt\u00f3re przy\u015bwiecaj\u0105 w\u00a0 zarz\u0105dzaniu tak\u0105 plac\u00f3wk\u0105 jak przedszkole.\u00a0 Prosz\u0119 zatem dba\u0107 o w\u0142a\u015bciwe zachowanie dzieci w ogrodzie po ich odebraniu.\u00a0<\/span><span style=\"font-size: 14pt;color: #003366\">Przypominam tak\u017ce, \u017ce na terenie ogrodu znajduje si\u0119 regulamin u\u017cytkowania sprz\u0119tu ogrodowego, kt\u00f3ry obowi\u0105zuje wszystkich u\u017cytkownik\u00f3w. <\/span><span style=\"font-size: 14pt;color: #003366\">Pozdrawiam i \u017cycz\u0119 Pa\u0144stwu du\u017co zdrowia. <\/span><span style=\"color: #666699;font-size: 14pt\"><span style=\"font-size: 12pt\">Dyrektor plac\u00f3wki Lidia Walczak-I\u017cycka<\/span> <\/span><\/p>\n","protected":false},"excerpt":{"rendered":"<p>Szanowni Pa\u0144stwo. W pi\u0105tek oficjalnie\u00a0 zako\u0144czyli\u015bmy remont budynku, jak sami Pa\u0144stwo stwierdzili nasze oblicze bardzo si\u0119 zmieni\u0142o, wypi\u0119knia\u0142o! Pozosta\u0142o jeszcze kilka drobnych poprawek, kt\u00f3re ekipa usunie w najbli\u017cszym czasie.\u00a0 Ogr\u00f3d [&hellip;]<\/p>\n","protected":false},"author":115,"featured_media":11289,"comment_status":"closed","ping_status":"closed","sticky":false,"template":"","format":"standard","meta":{"ngg_post_thumbnail":0,"footnotes":""},"categories":[3],"tags":[],"class_list":["post-12209","post","type-post","status-publish","format-standard","has-post-thumbnail","hentry","category-aktualnosci","clearfix"],"_links":{"self":[{"href":"https:\/\/przedszkole18.edu.wroclaw.pl\/index.php\/wp-json\/wp\/v2\/posts\/12209","targetHints":{"allow":["GET"]}}],"collection":[{"href":"https:\/\/przedszkole18.edu.wroclaw.pl\/index.php\/wp-json\/wp\/v2\/posts"}],"about":[{"href":"https:\/\/przedszkole18.edu.wroclaw.pl\/index.php\/wp-json\/wp\/v2\/types\/post"}],"author":[{"embeddable":true,"href":"https:\/\/przedszkole18.edu.wroclaw.pl\/index.php\/wp-json\/wp\/v2\/users\/115"}],"replies":[{"embeddable":true,"href":"https:\/\/przedszkole18.edu.wroclaw.pl\/index.php\/wp-json\/wp\/v2\/comments?post=12209"}],"version-history":[{"count":2,"href":"https:\/\/przedszkole18.edu.wroclaw.pl\/index.php\/wp-json\/wp\/v2\/posts\/12209\/revisions"}],"predecessor-version":[{"id":12211,"href":"https:\/\/przedszkole18.edu.wroclaw.pl\/index.php\/wp-json\/wp\/v2\/posts\/12209\/revisions\/12211"}],"wp:featuredmedia":[{"embeddable":true,"href":"https:\/\/przedszkole18.edu.wroclaw.pl\/index.php\/wp-json\/wp\/v2\/media\/11289"}],"wp:attachment":[{"href":"https:\/\/przedszkole18.edu.wroclaw.pl\/index.php\/wp-json\/wp\/v2\/media?parent=12209"}],"wp:term":[{"taxonomy":"category","embeddable":true,"href":"https:\/\/przedszkole18.edu.wroclaw.pl\/index.php\/wp-json\/wp\/v2\/categories?post=12209"},{"taxonomy":"post_tag","embeddable":true,"href":"https:\/\/przedszkole18.edu.wroclaw.pl\/index.php\/wp-json\/wp\/v2\/tags?post=12209"}],"curies":[{"name":"wp","href":"https:\/\/api.w.org\/{rel}","templated":true}]}}