
{"id":12224,"date":"2025-03-14T07:14:53","date_gmt":"2025-03-14T06:14:53","guid":{"rendered":"https:\/\/przedszkole18.edu.wroclaw.pl\/?p=12224"},"modified":"2025-03-14T07:14:53","modified_gmt":"2025-03-14T06:14:53","slug":"eko-marzanna","status":"publish","type":"post","link":"https:\/\/przedszkole18.edu.wroclaw.pl\/index.php\/2025\/03\/14\/eko-marzanna\/","title":{"rendered":"EKO MARZANNA"},"content":{"rendered":"<p><span style=\"color: #0000ff\"><strong><span style=\"font-size: 14pt\">Zapraszamy wszystkie Przedszkolaki wraz z Rodzicami do udzia\u0142u w konkursie na EKO MARZANN\u0118.<\/span><\/strong><\/span><\/p>\n<p><span style=\"color: #0000ff\"><strong><span style=\"font-size: 14pt\">Przestrzenne prace powinny by\u0107 wykonane z materia\u0142\u00f3w nadaj\u0105cych si\u0119 do recyklingu.<\/span><\/strong><\/span><\/p>\n<p><span style=\"color: #ff0000\"><strong><span style=\"font-size: 14pt\">EKO MARZANNY (podpisane) przynosimy do nauczycielek grupy II w dniach: 17 &#8211; 21. 03. 2025.<\/span><\/strong><\/span><\/p>\n<p style=\"text-align: center\"><span style=\"color: #008000\"><strong><span style=\"font-size: 14pt\">\u017byczymy ciekawych pomys\u0142\u00f3w i dobrej zabawy.<\/span><\/strong><\/span><\/p>\n","protected":false},"excerpt":{"rendered":"<p>Zapraszamy wszystkie Przedszkolaki wraz z Rodzicami do udzia\u0142u w konkursie na EKO MARZANN\u0118. Przestrzenne prace powinny by\u0107 wykonane z materia\u0142\u00f3w nadaj\u0105cych si\u0119 do recyklingu. EKO MARZANNY (podpisane) przynosimy do nauczycielek [&hellip;]<\/p>\n","protected":false},"author":108,"featured_media":11486,"comment_status":"closed","ping_status":"closed","sticky":false,"template":"","format":"standard","meta":{"ngg_post_thumbnail":0,"footnotes":""},"categories":[3],"tags":[],"class_list":["post-12224","post","type-post","status-publish","format-standard","has-post-thumbnail","hentry","category-aktualnosci","clearfix"],"_links":{"self":[{"href":"https:\/\/przedszkole18.edu.wroclaw.pl\/index.php\/wp-json\/wp\/v2\/posts\/12224","targetHints":{"allow":["GET"]}}],"collection":[{"href":"https:\/\/przedszkole18.edu.wroclaw.pl\/index.php\/wp-json\/wp\/v2\/posts"}],"about":[{"href":"https:\/\/przedszkole18.edu.wroclaw.pl\/index.php\/wp-json\/wp\/v2\/types\/post"}],"author":[{"embeddable":true,"href":"https:\/\/przedszkole18.edu.wroclaw.pl\/index.php\/wp-json\/wp\/v2\/users\/108"}],"replies":[{"embeddable":true,"href":"https:\/\/przedszkole18.edu.wroclaw.pl\/index.php\/wp-json\/wp\/v2\/comments?post=12224"}],"version-history":[{"count":1,"href":"https:\/\/przedszkole18.edu.wroclaw.pl\/index.php\/wp-json\/wp\/v2\/posts\/12224\/revisions"}],"predecessor-version":[{"id":12225,"href":"https:\/\/przedszkole18.edu.wroclaw.pl\/index.php\/wp-json\/wp\/v2\/posts\/12224\/revisions\/12225"}],"wp:featuredmedia":[{"embeddable":true,"href":"https:\/\/przedszkole18.edu.wroclaw.pl\/index.php\/wp-json\/wp\/v2\/media\/11486"}],"wp:attachment":[{"href":"https:\/\/przedszkole18.edu.wroclaw.pl\/index.php\/wp-json\/wp\/v2\/media?parent=12224"}],"wp:term":[{"taxonomy":"category","embeddable":true,"href":"https:\/\/przedszkole18.edu.wroclaw.pl\/index.php\/wp-json\/wp\/v2\/categories?post=12224"},{"taxonomy":"post_tag","embeddable":true,"href":"https:\/\/przedszkole18.edu.wroclaw.pl\/index.php\/wp-json\/wp\/v2\/tags?post=12224"}],"curies":[{"name":"wp","href":"https:\/\/api.w.org\/{rel}","templated":true}]}}