
{"id":12252,"date":"2025-03-20T11:52:55","date_gmt":"2025-03-20T10:52:55","guid":{"rendered":"https:\/\/przedszkole18.edu.wroclaw.pl\/?p=12252"},"modified":"2025-03-20T11:52:55","modified_gmt":"2025-03-20T10:52:55","slug":"12252","status":"publish","type":"post","link":"https:\/\/przedszkole18.edu.wroclaw.pl\/index.php\/2025\/03\/20\/12252\/","title":{"rendered":""},"content":{"rendered":"<p><strong><span style=\"color: #003366;font-size: 14pt\">Szanowni Pa\u0144stwo!\u00a0<\/span><\/strong><\/p>\n<p><span style=\"color: #003366;font-size: 14pt\">Na pro\u015bb\u0119 Biura Strategii Miasta s<\/span><span style=\"color: #003366\">erdecznie zapraszamy na konsultacje spo\u0142eczne Strategii Wroc\u0142aw 2050.<\/span><\/p>\n<p><span style=\"color: #003366\">Strategia Wroc\u0142aw 2050 b\u0119dzie czwart\u0105 strategi\u0105 Wroc\u0142awia. Chcemy zaprosi\u0107 mieszkanki i mieszka\u0144c\u00f3w do aktywnego w\u0142\u0105czenia si\u0119 w jej wsp\u00f3lne urzeczywistnianie. B\u0119dziemy pokazywa\u0107 post\u0119py w realizacji strategii, maj\u0105c uzasadnion\u0105 nadziej\u0119, \u017ce b\u0119dzie si\u0119 wok\u00f3\u0142 tego procesu \u00a0tworzy\u0107 poczucie wsp\u00f3lnoty i wsp\u00f3\u0142odpowiedzialno\u015bci za przysz\u0142o\u015b\u0107 naszego miasta. \u00a0<\/span><\/p>\n<p><span style=\"color: #003366\">Aby z informacj\u0105 \u00a0o strategii \u00a0dotrze\u0107 do jak najszerszego \u00a0 grona odbiorc\u00f3w, jej obszern\u0105, wielow\u0105tkow\u0105 tre\u015b\u0107 i jej g\u0142\u00f3wne przes\u0142anie zawarli\u015bmy \u00a0w ha\u015ble<\/span> \u00a0<b>#Otwarci na przysz\u0142o\u015b\u0107 &#8211; nastawieni na Wroc\u0142aw.<\/b><\/p>\n<p><span style=\"color: #003366\">Strategia Wroc\u0142aw 2050 uwzgl\u0119dnia bowiem aktualne i przysz\u0142e potrzeby mieszkanek i mieszka\u0144c\u00f3w \u0142\u0105cz\u0105c w sobie:<\/span><\/p>\n<div>\n<ul>\n<li><span style=\"color: #003366\">otwarto\u015b\u0107 na przysz\u0142o\u015b\u0107 \u00ad\u2013 \u00a0otwarto\u015b\u0107 \u00a0odwa\u017cn\u0105, ale i roztropn\u0105 \u00a0w \u00a0\u015bmia\u0142ym poszukiwaniu najlepszych rozwi\u0105za\u0144 dla rozwoju miasta w obliczu zauwa\u017calnych dzi\u015b wyzwa\u0144 i szans,nastawienie na Wroc\u0142aw \u2013 czyli postawienie w centrum uwagi zar\u00f3wno mieszka\u0144c\u00f3w \u2013 ich historie, do\u015bwiadczenia i d\u0105\u017cenia \u2013 jak i klimat, przyrod\u0119 oraz infrastruktur\u0119.<\/span>\n<div><\/div>\n<\/li>\n<li><span style=\"color: #003366\">Szczeg\u00f3\u0142y konsultacji, terminy spotka\u0144 oraz plakat informacyjny ( do pobrania na dole w ,,Plikach do pobrania&#8221;) :<\/span><\/li>\n<\/ul>\n<p><a href=\"https:\/\/www.wroclaw.pl\/rozmawia\/jaka-bedzie-strategia-wroclaw-2050\">https:\/\/www.wroclaw.pl\/rozmawia\/jaka-bedzie-strategia-wroclaw-2050<\/a><\/p>\n<p><span style=\"color: #003366\">W imieniu Urz\u0105d Miejski Wroc\u0142awia &#8211;\u00a0 Biura Strategii Miasta<\/span><\/p>\n<p><span style=\"color: #003366\"><strong>Zach\u0119camy, pozdrawiamy i \u017cyczymy zdrowia.<\/strong> <\/span><\/p>\n<\/div>\n","protected":false},"excerpt":{"rendered":"<p>Szanowni Pa\u0144stwo!\u00a0 Na pro\u015bb\u0119 Biura Strategii Miasta serdecznie zapraszamy na konsultacje spo\u0142eczne Strategii Wroc\u0142aw 2050. Strategia Wroc\u0142aw 2050 b\u0119dzie czwart\u0105 strategi\u0105 Wroc\u0142awia. Chcemy zaprosi\u0107 mieszkanki i mieszka\u0144c\u00f3w do aktywnego w\u0142\u0105czenia [&hellip;]<\/p>\n","protected":false},"author":115,"featured_media":11289,"comment_status":"closed","ping_status":"closed","sticky":false,"template":"","format":"standard","meta":{"ngg_post_thumbnail":0,"footnotes":""},"categories":[3],"tags":[],"class_list":["post-12252","post","type-post","status-publish","format-standard","has-post-thumbnail","hentry","category-aktualnosci","clearfix"],"_links":{"self":[{"href":"https:\/\/przedszkole18.edu.wroclaw.pl\/index.php\/wp-json\/wp\/v2\/posts\/12252","targetHints":{"allow":["GET"]}}],"collection":[{"href":"https:\/\/przedszkole18.edu.wroclaw.pl\/index.php\/wp-json\/wp\/v2\/posts"}],"about":[{"href":"https:\/\/przedszkole18.edu.wroclaw.pl\/index.php\/wp-json\/wp\/v2\/types\/post"}],"author":[{"embeddable":true,"href":"https:\/\/przedszkole18.edu.wroclaw.pl\/index.php\/wp-json\/wp\/v2\/users\/115"}],"replies":[{"embeddable":true,"href":"https:\/\/przedszkole18.edu.wroclaw.pl\/index.php\/wp-json\/wp\/v2\/comments?post=12252"}],"version-history":[{"count":1,"href":"https:\/\/przedszkole18.edu.wroclaw.pl\/index.php\/wp-json\/wp\/v2\/posts\/12252\/revisions"}],"predecessor-version":[{"id":12253,"href":"https:\/\/przedszkole18.edu.wroclaw.pl\/index.php\/wp-json\/wp\/v2\/posts\/12252\/revisions\/12253"}],"wp:featuredmedia":[{"embeddable":true,"href":"https:\/\/przedszkole18.edu.wroclaw.pl\/index.php\/wp-json\/wp\/v2\/media\/11289"}],"wp:attachment":[{"href":"https:\/\/przedszkole18.edu.wroclaw.pl\/index.php\/wp-json\/wp\/v2\/media?parent=12252"}],"wp:term":[{"taxonomy":"category","embeddable":true,"href":"https:\/\/przedszkole18.edu.wroclaw.pl\/index.php\/wp-json\/wp\/v2\/categories?post=12252"},{"taxonomy":"post_tag","embeddable":true,"href":"https:\/\/przedszkole18.edu.wroclaw.pl\/index.php\/wp-json\/wp\/v2\/tags?post=12252"}],"curies":[{"name":"wp","href":"https:\/\/api.w.org\/{rel}","templated":true}]}}