
{"id":12320,"date":"2025-03-31T17:16:58","date_gmt":"2025-03-31T15:16:58","guid":{"rendered":"https:\/\/przedszkole18.edu.wroclaw.pl\/?p=12320"},"modified":"2025-04-01T13:28:46","modified_gmt":"2025-04-01T11:28:46","slug":"konkurs-eko-marzanna-2","status":"publish","type":"post","link":"https:\/\/przedszkole18.edu.wroclaw.pl\/index.php\/2025\/03\/31\/konkurs-eko-marzanna-2\/","title":{"rendered":"KONKURS EKO MARZANNA"},"content":{"rendered":"<p><span style=\"color: #008000\"><strong><span style=\"font-size: 14pt\">Serdecznie dzi\u0119kujemy Dzieciom i Rodzicom, za udzia\u0142 w konkursie plastycznym <span style=\"color: #ff0000\">EKO MARZANNA<\/span><\/span><\/strong><\/span><\/p>\n<p><span style=\"color: #008000\"><strong><span style=\"font-size: 14pt\">Wasza pomys\u0142owo\u015b\u0107 i kreatywno\u015b\u0107 nie zna granic!<\/span><\/strong><\/span><\/p>\n<p><span style=\"color: #008000\"><strong><span style=\"font-size: 14pt\">Prace mo\u017cna podziwia\u0107 na werandzie przedszkola.<\/span><\/strong><\/span><\/p>\n<p><span style=\"color: #008000\"><strong><span style=\"font-size: 14pt\">Wszyscy uczestnicy konkursu otrzymali pami\u0105tkowe dyplomy.<\/span><\/strong><\/span><\/p>\n<p><span style=\"color: #0000ff\"><strong><span style=\"font-size: 14pt\">Organizatorzy \ud83d\ude42<\/span><\/strong><\/span><\/p>\n","protected":false},"excerpt":{"rendered":"<p>Serdecznie dzi\u0119kujemy Dzieciom i Rodzicom, za udzia\u0142 w konkursie plastycznym EKO MARZANNA Wasza pomys\u0142owo\u015b\u0107 i kreatywno\u015b\u0107 nie zna granic! Prace mo\u017cna podziwia\u0107 na werandzie przedszkola. Wszyscy uczestnicy konkursu otrzymali pami\u0105tkowe [&hellip;]<\/p>\n","protected":false},"author":108,"featured_media":12319,"comment_status":"closed","ping_status":"closed","sticky":false,"template":"","format":"standard","meta":{"ngg_post_thumbnail":0,"footnotes":""},"categories":[3],"tags":[],"class_list":["post-12320","post","type-post","status-publish","format-standard","has-post-thumbnail","hentry","category-aktualnosci","clearfix"],"_links":{"self":[{"href":"https:\/\/przedszkole18.edu.wroclaw.pl\/index.php\/wp-json\/wp\/v2\/posts\/12320","targetHints":{"allow":["GET"]}}],"collection":[{"href":"https:\/\/przedszkole18.edu.wroclaw.pl\/index.php\/wp-json\/wp\/v2\/posts"}],"about":[{"href":"https:\/\/przedszkole18.edu.wroclaw.pl\/index.php\/wp-json\/wp\/v2\/types\/post"}],"author":[{"embeddable":true,"href":"https:\/\/przedszkole18.edu.wroclaw.pl\/index.php\/wp-json\/wp\/v2\/users\/108"}],"replies":[{"embeddable":true,"href":"https:\/\/przedszkole18.edu.wroclaw.pl\/index.php\/wp-json\/wp\/v2\/comments?post=12320"}],"version-history":[{"count":3,"href":"https:\/\/przedszkole18.edu.wroclaw.pl\/index.php\/wp-json\/wp\/v2\/posts\/12320\/revisions"}],"predecessor-version":[{"id":12326,"href":"https:\/\/przedszkole18.edu.wroclaw.pl\/index.php\/wp-json\/wp\/v2\/posts\/12320\/revisions\/12326"}],"wp:featuredmedia":[{"embeddable":true,"href":"https:\/\/przedszkole18.edu.wroclaw.pl\/index.php\/wp-json\/wp\/v2\/media\/12319"}],"wp:attachment":[{"href":"https:\/\/przedszkole18.edu.wroclaw.pl\/index.php\/wp-json\/wp\/v2\/media?parent=12320"}],"wp:term":[{"taxonomy":"category","embeddable":true,"href":"https:\/\/przedszkole18.edu.wroclaw.pl\/index.php\/wp-json\/wp\/v2\/categories?post=12320"},{"taxonomy":"post_tag","embeddable":true,"href":"https:\/\/przedszkole18.edu.wroclaw.pl\/index.php\/wp-json\/wp\/v2\/tags?post=12320"}],"curies":[{"name":"wp","href":"https:\/\/api.w.org\/{rel}","templated":true}]}}