
{"id":12392,"date":"2025-04-16T14:48:34","date_gmt":"2025-04-16T12:48:34","guid":{"rendered":"https:\/\/przedszkole18.edu.wroclaw.pl\/?p=12392"},"modified":"2025-04-16T14:48:34","modified_gmt":"2025-04-16T12:48:34","slug":"zyczenia-wielkanocne","status":"publish","type":"post","link":"https:\/\/przedszkole18.edu.wroclaw.pl\/index.php\/2025\/04\/16\/zyczenia-wielkanocne\/","title":{"rendered":"\u017byczenia Wielkanocne."},"content":{"rendered":"<p style=\"text-align: center\"><span style=\"font-size: 14pt\"><strong><em><span style=\"color: #008000\"><span style=\"font-size: 18pt\">Z okazji \u015awi\u0105t Wielkanocnych:<\/span><img loading=\"lazy\" decoding=\"async\" class=\"alignnone size-medium wp-image-12337\" src=\"https:\/\/przedszkole18.edu.wroclaw.pl\/wp-content\/uploads\/sites\/36\/2025\/04\/1-300x200.jpg\" alt=\"\" width=\"300\" height=\"200\" srcset=\"https:\/\/przedszkole18.edu.wroclaw.pl\/wp-content\/uploads\/sites\/36\/2025\/04\/1-300x200.jpg 300w, https:\/\/przedszkole18.edu.wroclaw.pl\/wp-content\/uploads\/sites\/36\/2025\/04\/1.jpg 750w\" sizes=\"auto, (max-width: 300px) 100vw, 300px\" \/><\/span><\/em><\/strong><\/span><\/p>\n<p style=\"text-align: center\"><span style=\"font-size: 14pt;color: #008080\"><strong><em>mi\u0142o\u015bci, kt\u00f3ra jest wa\u017cniejsza od wszelkich d\u00f3br, <\/em><\/strong><\/span><\/p>\n<p style=\"text-align: center\"><span style=\"font-size: 14pt;color: #008080\"><strong><em>zdrowia, kt\u00f3re pozwala przetra\u0107 najgorsze.<\/em><\/strong><\/span><\/p>\n<p style=\"text-align: center\"><span style=\"font-size: 14pt;color: #008080\"><strong><em>Pracy, kt\u00f3ra pomaga \u017cy\u0107.<\/em><\/strong><\/span><\/p>\n<p style=\"text-align: center\"><span style=\"font-size: 14pt;color: #008080\"><strong><em>U\u015bmiech\u00f3w bliskich i nieznajomych, kt\u00f3re pozwalaj\u0105 l\u017cej oddycha\u0107 <\/em><\/strong><\/span><\/p>\n<p style=\"text-align: center\"><span style=\"font-size: 14pt;color: #008080\"><strong><em>i szcz\u0119\u015bcia, kt\u00f3re niejednokrotnie ocala nam \u017cycie.<\/em><\/strong><\/span><\/p>\n<p style=\"text-align: center\"><span style=\"font-size: 14pt;color: #008080\"><strong><em>\u017bycz\u0119 spokojnych \u015awi\u0105t Wielkanocnych wszystkim pracownikom, rodzicom i dzieciom.\u00a0 <\/em><\/strong><\/span><\/p>\n<p style=\"text-align: center\"><strong><em><span style=\"color: #333399\">Pozdrawiam serdecznie dyrektor plac\u00f3wki. Lidia Walczak-I\u017cycka<\/span> <\/em><\/strong><\/p>\n","protected":false},"excerpt":{"rendered":"<p>Z okazji \u015awi\u0105t Wielkanocnych: mi\u0142o\u015bci, kt\u00f3ra jest wa\u017cniejsza od wszelkich d\u00f3br, zdrowia, kt\u00f3re pozwala przetra\u0107 najgorsze. Pracy, kt\u00f3ra pomaga \u017cy\u0107. U\u015bmiech\u00f3w bliskich i nieznajomych, kt\u00f3re pozwalaj\u0105 l\u017cej oddycha\u0107 i szcz\u0119\u015bcia, [&hellip;]<\/p>\n","protected":false},"author":115,"featured_media":10928,"comment_status":"closed","ping_status":"closed","sticky":false,"template":"","format":"standard","meta":{"ngg_post_thumbnail":0,"footnotes":""},"categories":[3],"tags":[],"class_list":["post-12392","post","type-post","status-publish","format-standard","has-post-thumbnail","hentry","category-aktualnosci","clearfix"],"_links":{"self":[{"href":"https:\/\/przedszkole18.edu.wroclaw.pl\/index.php\/wp-json\/wp\/v2\/posts\/12392","targetHints":{"allow":["GET"]}}],"collection":[{"href":"https:\/\/przedszkole18.edu.wroclaw.pl\/index.php\/wp-json\/wp\/v2\/posts"}],"about":[{"href":"https:\/\/przedszkole18.edu.wroclaw.pl\/index.php\/wp-json\/wp\/v2\/types\/post"}],"author":[{"embeddable":true,"href":"https:\/\/przedszkole18.edu.wroclaw.pl\/index.php\/wp-json\/wp\/v2\/users\/115"}],"replies":[{"embeddable":true,"href":"https:\/\/przedszkole18.edu.wroclaw.pl\/index.php\/wp-json\/wp\/v2\/comments?post=12392"}],"version-history":[{"count":1,"href":"https:\/\/przedszkole18.edu.wroclaw.pl\/index.php\/wp-json\/wp\/v2\/posts\/12392\/revisions"}],"predecessor-version":[{"id":12393,"href":"https:\/\/przedszkole18.edu.wroclaw.pl\/index.php\/wp-json\/wp\/v2\/posts\/12392\/revisions\/12393"}],"wp:featuredmedia":[{"embeddable":true,"href":"https:\/\/przedszkole18.edu.wroclaw.pl\/index.php\/wp-json\/wp\/v2\/media\/10928"}],"wp:attachment":[{"href":"https:\/\/przedszkole18.edu.wroclaw.pl\/index.php\/wp-json\/wp\/v2\/media?parent=12392"}],"wp:term":[{"taxonomy":"category","embeddable":true,"href":"https:\/\/przedszkole18.edu.wroclaw.pl\/index.php\/wp-json\/wp\/v2\/categories?post=12392"},{"taxonomy":"post_tag","embeddable":true,"href":"https:\/\/przedszkole18.edu.wroclaw.pl\/index.php\/wp-json\/wp\/v2\/tags?post=12392"}],"curies":[{"name":"wp","href":"https:\/\/api.w.org\/{rel}","templated":true}]}}