
{"id":12407,"date":"2025-04-23T10:12:24","date_gmt":"2025-04-23T08:12:24","guid":{"rendered":"https:\/\/przedszkole18.edu.wroclaw.pl\/?p=12407"},"modified":"2025-04-23T10:12:24","modified_gmt":"2025-04-23T08:12:24","slug":"informacja-7","status":"publish","type":"post","link":"https:\/\/przedszkole18.edu.wroclaw.pl\/index.php\/2025\/04\/23\/informacja-7\/","title":{"rendered":"Informacja."},"content":{"rendered":"<p><span style=\"color: #0000ff\"><strong>Otrzymali\u015bmy propozycj\u0119 bezp\u0142atnych\u00a0 bada\u0144\u00a0 s\u0142uchu dzieci w wieku przedszkolnym. Wszystkie informacje i kontakt na zamieszczonym plakacie.<\/strong><\/span> <a href=\"https:\/\/przedszkole18.edu.wroclaw.pl\/wp-content\/uploads\/sites\/36\/2025\/04\/Plakat-2.pdf\">Plakat (2)<\/a><\/p>\n<p><strong><span style=\"color: #0000ff\">Wszystkich zainteresowanych rodzic\u00f3w zapraszam do kontaktu ze wskazan\u0105 instytucj\u0105.<\/span> <\/strong><\/p>\n","protected":false},"excerpt":{"rendered":"<p>Otrzymali\u015bmy propozycj\u0119 bezp\u0142atnych\u00a0 bada\u0144\u00a0 s\u0142uchu dzieci w wieku przedszkolnym. Wszystkie informacje i kontakt na zamieszczonym plakacie. Plakat (2) Wszystkich zainteresowanych rodzic\u00f3w zapraszam do kontaktu ze wskazan\u0105 instytucj\u0105.<\/p>\n","protected":false},"author":115,"featured_media":11289,"comment_status":"closed","ping_status":"closed","sticky":false,"template":"","format":"standard","meta":{"ngg_post_thumbnail":0,"footnotes":""},"categories":[3],"tags":[],"class_list":["post-12407","post","type-post","status-publish","format-standard","has-post-thumbnail","hentry","category-aktualnosci","clearfix"],"_links":{"self":[{"href":"https:\/\/przedszkole18.edu.wroclaw.pl\/index.php\/wp-json\/wp\/v2\/posts\/12407","targetHints":{"allow":["GET"]}}],"collection":[{"href":"https:\/\/przedszkole18.edu.wroclaw.pl\/index.php\/wp-json\/wp\/v2\/posts"}],"about":[{"href":"https:\/\/przedszkole18.edu.wroclaw.pl\/index.php\/wp-json\/wp\/v2\/types\/post"}],"author":[{"embeddable":true,"href":"https:\/\/przedszkole18.edu.wroclaw.pl\/index.php\/wp-json\/wp\/v2\/users\/115"}],"replies":[{"embeddable":true,"href":"https:\/\/przedszkole18.edu.wroclaw.pl\/index.php\/wp-json\/wp\/v2\/comments?post=12407"}],"version-history":[{"count":1,"href":"https:\/\/przedszkole18.edu.wroclaw.pl\/index.php\/wp-json\/wp\/v2\/posts\/12407\/revisions"}],"predecessor-version":[{"id":12408,"href":"https:\/\/przedszkole18.edu.wroclaw.pl\/index.php\/wp-json\/wp\/v2\/posts\/12407\/revisions\/12408"}],"wp:featuredmedia":[{"embeddable":true,"href":"https:\/\/przedszkole18.edu.wroclaw.pl\/index.php\/wp-json\/wp\/v2\/media\/11289"}],"wp:attachment":[{"href":"https:\/\/przedszkole18.edu.wroclaw.pl\/index.php\/wp-json\/wp\/v2\/media?parent=12407"}],"wp:term":[{"taxonomy":"category","embeddable":true,"href":"https:\/\/przedszkole18.edu.wroclaw.pl\/index.php\/wp-json\/wp\/v2\/categories?post=12407"},{"taxonomy":"post_tag","embeddable":true,"href":"https:\/\/przedszkole18.edu.wroclaw.pl\/index.php\/wp-json\/wp\/v2\/tags?post=12407"}],"curies":[{"name":"wp","href":"https:\/\/api.w.org\/{rel}","templated":true}]}}