
{"id":12409,"date":"2025-04-23T10:36:53","date_gmt":"2025-04-23T08:36:53","guid":{"rendered":"https:\/\/przedszkole18.edu.wroclaw.pl\/?p=12409"},"modified":"2025-04-23T10:38:22","modified_gmt":"2025-04-23T08:38:22","slug":"informacja-dla-rodzicow-2-maja-2025r","status":"publish","type":"post","link":"https:\/\/przedszkole18.edu.wroclaw.pl\/index.php\/2025\/04\/23\/informacja-dla-rodzicow-2-maja-2025r\/","title":{"rendered":"Informacja dla rodzic\u00f3w &#8211; 2 maja 2025r."},"content":{"rendered":"<p><span style=\"font-size: 14pt;color: #000080\"><strong>Szanowni Pa\u0144stwo.<\/strong> <\/span><\/p>\n<p><span style=\"font-size: 14pt\"><em><span style=\"color: #333399\">W zwi\u0105zku z obowi\u0105zkiem pracodawcy udzielania dodatkowego dnia wolnego od pracy w terminie przypadaj\u0105cym\u00a0 na <strong>2 maja 2025r.<\/strong>\/pi\u0105tek\/ uprzejmie informuj\u0119, \u017ce tego dnia nasza plac\u00f3wka b\u0119dzie funkcjonowa\u0142a w ograniczonym zakresie.<\/span>\u00a0<\/em><\/span><\/p>\n<p><span style=\"font-size: 14pt\"><em>A<span style=\"color: #333399\">by zapewni\u0107 prawid\u0142ow\u0105 organizacj\u0105 pracy oraz zabezpieczy\u0107 potrzeby dzieci i ich rodzic\u00f3w prosimy o zg\u0142oszenie do dnia <strong>25 kwietnia 2025<\/strong>.,nauczycielom grup,\u00a0 czy planuj\u0105 Pa\u0144stwo obecno\u015b\u0107 dziecka w plac\u00f3wce w dniu <strong>2 maja.<\/strong>\u00a0<\/span><\/em><\/span><\/p>\n<p><span style=\"font-size: 14pt;color: #333399\"><em>W przypadku zg\u0142oszenia odpowiedniej liczby dzieci zorganizujemy opiek\u0119 w formie dy\u017curu &#8211; zgodnie z obowi\u0105zuj\u0105cymi przepisami prawa oraz zasadami bezpiecze\u0144stwa.\u00a0 <\/em><\/span><\/p>\n<p><span style=\"color: #003366;font-size: 14pt\"><em><strong>Dzi\u0119kuj\u0119 za wsp\u00f3\u0142prac\u0119 i zrozumienie.<\/strong><\/em><\/span><em><span style=\"color: #333399\">\u00a0Z powa\u017caniem,\u00a0 dyrektor plac\u00f3wki Lidia Walczak-I\u017cycka<\/span> <\/em><\/p>\n<p>&nbsp;<\/p>\n","protected":false},"excerpt":{"rendered":"<p>Szanowni Pa\u0144stwo. W zwi\u0105zku z obowi\u0105zkiem pracodawcy udzielania dodatkowego dnia wolnego od pracy w terminie przypadaj\u0105cym\u00a0 na 2 maja 2025r.\/pi\u0105tek\/ uprzejmie informuj\u0119, \u017ce tego dnia nasza plac\u00f3wka b\u0119dzie funkcjonowa\u0142a w [&hellip;]<\/p>\n","protected":false},"author":115,"featured_media":11287,"comment_status":"closed","ping_status":"closed","sticky":false,"template":"","format":"standard","meta":{"ngg_post_thumbnail":0,"footnotes":""},"categories":[3],"tags":[],"class_list":["post-12409","post","type-post","status-publish","format-standard","has-post-thumbnail","hentry","category-aktualnosci","clearfix"],"_links":{"self":[{"href":"https:\/\/przedszkole18.edu.wroclaw.pl\/index.php\/wp-json\/wp\/v2\/posts\/12409","targetHints":{"allow":["GET"]}}],"collection":[{"href":"https:\/\/przedszkole18.edu.wroclaw.pl\/index.php\/wp-json\/wp\/v2\/posts"}],"about":[{"href":"https:\/\/przedszkole18.edu.wroclaw.pl\/index.php\/wp-json\/wp\/v2\/types\/post"}],"author":[{"embeddable":true,"href":"https:\/\/przedszkole18.edu.wroclaw.pl\/index.php\/wp-json\/wp\/v2\/users\/115"}],"replies":[{"embeddable":true,"href":"https:\/\/przedszkole18.edu.wroclaw.pl\/index.php\/wp-json\/wp\/v2\/comments?post=12409"}],"version-history":[{"count":3,"href":"https:\/\/przedszkole18.edu.wroclaw.pl\/index.php\/wp-json\/wp\/v2\/posts\/12409\/revisions"}],"predecessor-version":[{"id":12412,"href":"https:\/\/przedszkole18.edu.wroclaw.pl\/index.php\/wp-json\/wp\/v2\/posts\/12409\/revisions\/12412"}],"wp:featuredmedia":[{"embeddable":true,"href":"https:\/\/przedszkole18.edu.wroclaw.pl\/index.php\/wp-json\/wp\/v2\/media\/11287"}],"wp:attachment":[{"href":"https:\/\/przedszkole18.edu.wroclaw.pl\/index.php\/wp-json\/wp\/v2\/media?parent=12409"}],"wp:term":[{"taxonomy":"category","embeddable":true,"href":"https:\/\/przedszkole18.edu.wroclaw.pl\/index.php\/wp-json\/wp\/v2\/categories?post=12409"},{"taxonomy":"post_tag","embeddable":true,"href":"https:\/\/przedszkole18.edu.wroclaw.pl\/index.php\/wp-json\/wp\/v2\/tags?post=12409"}],"curies":[{"name":"wp","href":"https:\/\/api.w.org\/{rel}","templated":true}]}}