
{"id":12416,"date":"2025-04-24T20:12:03","date_gmt":"2025-04-24T18:12:03","guid":{"rendered":"https:\/\/przedszkole18.edu.wroclaw.pl\/?p=12416"},"modified":"2025-04-24T20:22:24","modified_gmt":"2025-04-24T18:22:24","slug":"rowerowy-maj-2","status":"publish","type":"post","link":"https:\/\/przedszkole18.edu.wroclaw.pl\/index.php\/2025\/04\/24\/rowerowy-maj-2\/","title":{"rendered":"ROWEROWY MAJ"},"content":{"rendered":"<p>RUSZAMY Z KAMPANI\u0104 \u201eROWEROWY MAJ\u201d!<\/p>\n<p>Z wielk\u0105 rado\u015bci\u0105 informujemy, \u017ce nasze przedszkole bierze udzia\u0142 w og\u00f3lnopolskiej kampanii \u201eRowerowy Maj\u201d, kt\u00f3rej celem jest promowanie aktywno\u015bci fizycznej, zdrowego stylu \u017cycia oraz ekologicznych form przemieszczania si\u0119. Zach\u0119camy wszystkie dzieci i ich rodziny do codziennych, aktywnych dojazd\u00f3w do przedszkola na rowerach, hulajnogach, rolkach czy deskorolkach. Kampania trwa od 5 maja do 29 maja 2025 roku.<\/p>\n<p>Zasady s\u0105 proste \u2013 ka\u017cdego dnia, gdy dziecko przyjedzie do przedszkola w spos\u00f3b aktywny, otrzymuje dwie naklejki: jedn\u0105 do osobistej ksi\u0105\u017ceczki rowerowej, a drug\u0105 na plakat grupowy. Na najbardziej zaanga\u017cowanych uczestnik\u00f3w i grupy czekaj\u0105 atrakcyjne nagrody oraz wyr\u00f3\u017cnienia. Wsp\u00f3lnie zadbajmy o zdrowie, dobr\u0105 zabaw\u0119 i wyrobienie pozytywnych nawyk\u00f3w!<\/p>\n<p>\u203c\ufe0f Bardzo prosimy o zapoznanie si\u0119 z najwa\u017cniejszymi zasadami organizacyjnymi obowi\u0105zuj\u0105cymi podczas trwania kampanii:<\/p>\n<ol>\n<li>Sprz\u0119t zostawiamy tylko w wyznaczonym miejscu. Rowery, hulajnogi i inne pojazdy nale\u017cy parkowa\u0107 wy\u0142\u0105cznie w specjalnie przygotowanej strefie znajduj\u0105cej si\u0119 na terenie przedszkola. Zabrania si\u0119 pozostawiania sprz\u0119tu przy budynku \u2013 przypominamy, \u017ce nasza plac\u00f3wka przesz\u0142a niedawno gruntowny remont, a \u015bwie\u017co odnowiona elewacja wymaga szczeg\u00f3lnej ochrony.<\/li>\n<li>Bezwzgl\u0119dny zakaz poruszania si\u0119 na sprz\u0119cie po terenie przedszkola. Po przybyciu na miejsce dzieci zobowi\u0105zane s\u0105 zej\u015b\u0107 z roweru lub hulajnogi i doprowadzi\u0107 sprz\u0119t pieszo do wyznaczonej strefy. To bardzo wa\u017cne dla bezpiecze\u0144stwa wszystkich przedszkolak\u00f3w.<\/li>\n<li>Dbajmy o bezpiecze\u0144stwo dzieci. Prosimy, aby ka\u017cde dziecko uczestnicz\u0105ce w kampanii by\u0142o wyposa\u017cone w kask ochronny oraz aby przypomina\u0107 najm\u0142odszym zasady bezpiecznego poruszania si\u0119 po chodnikach i drogach.<\/li>\n<\/ol>\n<p>Informujemy, \u017ce listy zg\u00f3d na udzia\u0142 dzieci w akcji znajduj\u0105 si\u0119 u nauczycieli grup. Prosimy rodzic\u00f3w o podpisanie zgody bezpo\u015brednio u wychowawc\u00f3w.<\/p>\n<p>W za\u0142\u0105cznikach poni\u017cej znajduj\u0105 si\u0119 szczeg\u00f3\u0142y organizacyjne oraz regulamin kampanii:<\/p>\n<ul>\n<li>Regulamin kampanii \u201eRowerowy Maj\u201d<\/li>\n<li>Szczeg\u00f3\u0142owe informacje dla rodzic\u00f3w<\/li>\n<\/ul>\n<p>Dzi\u0119kujemy za zaanga\u017cowanie i wsparcie! Wierzymy, \u017ce wsp\u00f3lna aktywno\u015b\u0107 fizyczna to nie tylko \u015bwietna zabawa, ale tak\u017ce okazja do budowania zdrowych nawyk\u00f3w i dbania o nasz\u0105 planet\u0119.<br \/>\nDo zobaczenia w drodze do przedszkola!<\/p>\n<p><a href=\"https:\/\/przedszkole18.edu.wroclaw.pl\/wp-content\/uploads\/sites\/36\/2025\/04\/Rowerowy-Maj_broszura-dla-rodzicow.pdf\">Rowerowy Maj_broszura dla rodzic\u00f3w<\/a><a href=\"https:\/\/przedszkole18.edu.wroclaw.pl\/wp-content\/uploads\/sites\/36\/2025\/04\/Regulamin-RM-2024-2026-Gmina-Wroclaw_2025.pdf\">Regulamin RM 2024-2026-Gmina Wroclaw_2025<\/a><a href=\"https:\/\/przedszkole18.edu.wroclaw.pl\/wp-content\/uploads\/sites\/36\/2025\/04\/RM2025-informacja-na-strone-internetowa-szkoly_przedszkola.docx\">RM2025 &#8211; informacja na stron\u0119 internetow\u0105 szko\u0142y_przedszkola<\/a><\/p>\n<p class=\"\" data-start=\"2138\" data-end=\"2188\">\n","protected":false},"excerpt":{"rendered":"<p>RUSZAMY Z KAMPANI\u0104 \u201eROWEROWY MAJ\u201d! Z wielk\u0105 rado\u015bci\u0105 informujemy, \u017ce nasze przedszkole bierze udzia\u0142 w og\u00f3lnopolskiej kampanii \u201eRowerowy Maj\u201d, kt\u00f3rej celem jest promowanie aktywno\u015bci fizycznej, zdrowego stylu \u017cycia oraz ekologicznych [&hellip;]<\/p>\n","protected":false},"author":112,"featured_media":12422,"comment_status":"closed","ping_status":"closed","sticky":false,"template":"","format":"standard","meta":{"ngg_post_thumbnail":0,"footnotes":""},"categories":[3],"tags":[],"class_list":["post-12416","post","type-post","status-publish","format-standard","has-post-thumbnail","hentry","category-aktualnosci","clearfix"],"_links":{"self":[{"href":"https:\/\/przedszkole18.edu.wroclaw.pl\/index.php\/wp-json\/wp\/v2\/posts\/12416","targetHints":{"allow":["GET"]}}],"collection":[{"href":"https:\/\/przedszkole18.edu.wroclaw.pl\/index.php\/wp-json\/wp\/v2\/posts"}],"about":[{"href":"https:\/\/przedszkole18.edu.wroclaw.pl\/index.php\/wp-json\/wp\/v2\/types\/post"}],"author":[{"embeddable":true,"href":"https:\/\/przedszkole18.edu.wroclaw.pl\/index.php\/wp-json\/wp\/v2\/users\/112"}],"replies":[{"embeddable":true,"href":"https:\/\/przedszkole18.edu.wroclaw.pl\/index.php\/wp-json\/wp\/v2\/comments?post=12416"}],"version-history":[{"count":3,"href":"https:\/\/przedszkole18.edu.wroclaw.pl\/index.php\/wp-json\/wp\/v2\/posts\/12416\/revisions"}],"predecessor-version":[{"id":12423,"href":"https:\/\/przedszkole18.edu.wroclaw.pl\/index.php\/wp-json\/wp\/v2\/posts\/12416\/revisions\/12423"}],"wp:featuredmedia":[{"embeddable":true,"href":"https:\/\/przedszkole18.edu.wroclaw.pl\/index.php\/wp-json\/wp\/v2\/media\/12422"}],"wp:attachment":[{"href":"https:\/\/przedszkole18.edu.wroclaw.pl\/index.php\/wp-json\/wp\/v2\/media?parent=12416"}],"wp:term":[{"taxonomy":"category","embeddable":true,"href":"https:\/\/przedszkole18.edu.wroclaw.pl\/index.php\/wp-json\/wp\/v2\/categories?post=12416"},{"taxonomy":"post_tag","embeddable":true,"href":"https:\/\/przedszkole18.edu.wroclaw.pl\/index.php\/wp-json\/wp\/v2\/tags?post=12416"}],"curies":[{"name":"wp","href":"https:\/\/api.w.org\/{rel}","templated":true}]}}