
{"id":12437,"date":"2025-04-25T14:13:41","date_gmt":"2025-04-25T12:13:41","guid":{"rendered":"https:\/\/przedszkole18.edu.wroclaw.pl\/?p=12437"},"modified":"2025-04-25T15:19:46","modified_gmt":"2025-04-25T13:19:46","slug":"senbazuru-80-000-zurawi-dla-pokoju","status":"publish","type":"post","link":"https:\/\/przedszkole18.edu.wroclaw.pl\/index.php\/2025\/04\/25\/senbazuru-80-000-zurawi-dla-pokoju\/","title":{"rendered":"&#8222;Senbazuru &#8211; 80 000 \u017burawi dla Pokoju&#8221;"},"content":{"rendered":"<p><span style=\"font-size: 18pt;color: #000080\"><em><strong>Szanowni Pa\u0144stwo!<\/strong><\/em><\/span><\/p>\n<p><span style=\"color: #333399\"><em><span style=\"font-size: 14pt\">SENBAZURU &#8211; to wsp\u00f3lne uk\u0142adanie mozaiki z 80 000 papierowych\u00a0 \u017curawi origami, przygotowanych przez dzieci i m\u0142odzie\u017c z wroc\u0142awskich przedszkoli i szk\u00f3\u0142.\u00a0\u00a0 To gest, kt\u00f3ry po\u0142\u0105czy pokolenia i kultur\u0119. Inspiracj\u0105 do tego wydarzenia jest poruszaj\u0105ca historia Sadako Sasaki, japo\u0144skiej dziewczynki, kt\u00f3ra &#8211;\u00a0 wierz\u0105c w legend\u0119 o tysi\u0105cu papierowych \u017curawi\u00a0 &#8211; z\u0142o\u017cy\u0142a ich setki w nadziei na pok\u00f3j i zdrowie, staj\u0105c si\u0119 symbolem sprzeciwu wobec przemocy i wojny.\u00a0 <\/span><\/em><\/span><\/p>\n<p><span style=\"color: #333399\"><em><span style=\"font-size: 14pt\">W tym duchu powsta\u0142 projekt\u00a0 &#8222;Senbazuru &#8211; 80 000 \u017burawi dla Pokoju&#8221;\u00a0 realizowanego przez nasze Miasto.<\/span> <\/em><\/span><\/p>\n<p><span style=\"color: #333399\"><em><span style=\"font-size: 14pt\">To wa\u017cna i\u00a0 cenna inicjatywa, kt\u00f3ra promuje warto\u015bci dialogu, szacunku i otwarto\u015bci na skal\u0119 mi\u0119dzynarodow\u0105. To te\u017c okazj\u0105 do edukacji m\u0142odego pokolenia na temat warto\u015bci takich jak cierpliwo\u015b\u0107, pojednanie i wsp\u00f3lnota. Zako\u0144czeniem projektu b\u0119dzie uroczyste spotkanie wszystkich uczestnik\u00f3w bior\u0105cych udzia\u0142 w przedsi\u0119wzi\u0119ciu. Wydarzenie odb\u0119dzie si\u0119 8 maja 2015 roku na Placu Wolno\u015bci .<\/span><\/em><\/span><\/p>\n<p><span style=\"font-size: 14pt;color: #008000\"><em>W ramach przebiegu projektu,\u00a0 dzieci b\u0119d\u0105 mog\u0142y uczestniczy\u0107 w r\u00f3\u017cnych atrakcjach np.,\u00a0 warsztaty w NFM, projekcjach\u00a0 w kinie Nowe Horyzonty, zaj\u0119ciach plastycznych organizowanych w trakcie trwania imprezy. Symbolem uroczysto\u015bci jest \u017buraw zrobiony technik\u0105 Origami. Organizatorzy imprezy prosz\u0105 o wykonanie jak najwi\u0119kszej ilo\u015bci \u017burawi, kt\u00f3re zostan\u0105 symbolicznie u\u0142o\u017cone na Placu Wolno\u015bci.\u00a0<\/em><\/span><\/p>\n<p><strong><span style=\"font-size: 14pt;color: #333399\">Dysponuj\u0105c ograniczonymi mo\u017cliwo\u015bciami personalnymi i czasowymi,\u00a0 prosz\u0119 Pa\u0144stwa o wsparcie inicjatywy poprzez wykonanie technik\u0105 Origami dowolnej liczby \u017curawi.\u00a0\u00a0<a href=\"https:\/\/youtu.be\/0ZeDen62ceg\">https:\/\/youtu.be\/0ZeDen62ceg<\/a><\/span><\/strong><\/p>\n<p><span style=\"color: #008000\"><em><strong><span style=\"font-size: 14pt\">Wszystkie zebrane od Pa\u0144stwa \u017curawie zostan\u0105 u\u0142o\u017cone 8 maja na wyznaczonym miejscu,\u00a0 przez grup\u0119 dzieci reprezentuj\u0105cych nasze Przedszkole. Zach\u0119cam Pa\u0144stwa do wsp\u00f3lnego\u00a0 z rodzin\u0105 sk\u0142adania \u017curawi.<\/span><\/strong><\/em><\/span><\/p>\n<p><span style=\"color: #008000\"><em><strong><span style=\"font-size: 14pt\">Pozdrawiam i bardzo dzi\u0119kuj\u0119 za Wasz\u0105 pomoc. <\/span><\/strong><\/em><span style=\"font-size: 14pt;color: #333399\">Dyrektor plac\u00f3wki Lidia Walczak-I\u017cycka\u00a0 \u00a0<\/span><\/span><\/p>\n","protected":false},"excerpt":{"rendered":"<p>Szanowni Pa\u0144stwo! SENBAZURU &#8211; to wsp\u00f3lne uk\u0142adanie mozaiki z 80 000 papierowych\u00a0 \u017curawi origami, przygotowanych przez dzieci i m\u0142odzie\u017c z wroc\u0142awskich przedszkoli i szk\u00f3\u0142.\u00a0\u00a0 To gest, kt\u00f3ry po\u0142\u0105czy pokolenia i [&hellip;]<\/p>\n","protected":false},"author":115,"featured_media":10778,"comment_status":"closed","ping_status":"closed","sticky":false,"template":"","format":"standard","meta":{"ngg_post_thumbnail":0,"footnotes":""},"categories":[3],"tags":[],"class_list":["post-12437","post","type-post","status-publish","format-standard","has-post-thumbnail","hentry","category-aktualnosci","clearfix"],"_links":{"self":[{"href":"https:\/\/przedszkole18.edu.wroclaw.pl\/index.php\/wp-json\/wp\/v2\/posts\/12437","targetHints":{"allow":["GET"]}}],"collection":[{"href":"https:\/\/przedszkole18.edu.wroclaw.pl\/index.php\/wp-json\/wp\/v2\/posts"}],"about":[{"href":"https:\/\/przedszkole18.edu.wroclaw.pl\/index.php\/wp-json\/wp\/v2\/types\/post"}],"author":[{"embeddable":true,"href":"https:\/\/przedszkole18.edu.wroclaw.pl\/index.php\/wp-json\/wp\/v2\/users\/115"}],"replies":[{"embeddable":true,"href":"https:\/\/przedszkole18.edu.wroclaw.pl\/index.php\/wp-json\/wp\/v2\/comments?post=12437"}],"version-history":[{"count":4,"href":"https:\/\/przedszkole18.edu.wroclaw.pl\/index.php\/wp-json\/wp\/v2\/posts\/12437\/revisions"}],"predecessor-version":[{"id":12441,"href":"https:\/\/przedszkole18.edu.wroclaw.pl\/index.php\/wp-json\/wp\/v2\/posts\/12437\/revisions\/12441"}],"wp:featuredmedia":[{"embeddable":true,"href":"https:\/\/przedszkole18.edu.wroclaw.pl\/index.php\/wp-json\/wp\/v2\/media\/10778"}],"wp:attachment":[{"href":"https:\/\/przedszkole18.edu.wroclaw.pl\/index.php\/wp-json\/wp\/v2\/media?parent=12437"}],"wp:term":[{"taxonomy":"category","embeddable":true,"href":"https:\/\/przedszkole18.edu.wroclaw.pl\/index.php\/wp-json\/wp\/v2\/categories?post=12437"},{"taxonomy":"post_tag","embeddable":true,"href":"https:\/\/przedszkole18.edu.wroclaw.pl\/index.php\/wp-json\/wp\/v2\/tags?post=12437"}],"curies":[{"name":"wp","href":"https:\/\/api.w.org\/{rel}","templated":true}]}}