
{"id":12452,"date":"2025-04-29T07:43:32","date_gmt":"2025-04-29T05:43:32","guid":{"rendered":"https:\/\/przedszkole18.edu.wroclaw.pl\/?p=12452"},"modified":"2025-04-29T07:43:32","modified_gmt":"2025-04-29T05:43:32","slug":"koncert-absolwentow","status":"publish","type":"post","link":"https:\/\/przedszkole18.edu.wroclaw.pl\/index.php\/2025\/04\/29\/koncert-absolwentow\/","title":{"rendered":"Koncert Absolwent\u00f3w"},"content":{"rendered":"<p>W poniedzia\u0142ek, 19 maja, w godzinach dopo\u0142udniowych b\u0119dziemy go\u015bci\u0107 w przedszkolu naszych absolwent\u00f3w. S\u0105 to uczniowie klas drugich, kt\u00f3rzy kontynuuj\u0105 swoj\u0105 nauk\u0119 we wroc\u0142awskich szko\u0142ach muzycznych (Og\u00f3lnokszta\u0142c\u0105ca Szko\u0142a Muzyczna I i II stopnia im. K. Szymanowskiego, Og\u00f3lnokszta\u0142c\u0105ca Szko\u0142a Muzyczna im. F. Chopina oraz Szko\u0142a Muzyczna nr 2). W ich wykonaniu us\u0142yszymy zar\u00f3wno melodie popularne, jak i klasyczne kompozycje na instrumentach takich jak: flet poprzeczny, skrzypce, wiolonczela oraz pianino.<\/p>\n<p>Czekamy niecierpliwie, do zobaczenia!<\/p>\n","protected":false},"excerpt":{"rendered":"<p>W poniedzia\u0142ek, 19 maja, w godzinach dopo\u0142udniowych b\u0119dziemy go\u015bci\u0107 w przedszkolu naszych absolwent\u00f3w. S\u0105 to uczniowie klas drugich, kt\u00f3rzy kontynuuj\u0105 swoj\u0105 nauk\u0119 we wroc\u0142awskich szko\u0142ach muzycznych (Og\u00f3lnokszta\u0142c\u0105ca Szko\u0142a Muzyczna I [&hellip;]<\/p>\n","protected":false},"author":105,"featured_media":2411,"comment_status":"closed","ping_status":"closed","sticky":false,"template":"","format":"standard","meta":{"ngg_post_thumbnail":0,"footnotes":""},"categories":[3],"tags":[],"class_list":["post-12452","post","type-post","status-publish","format-standard","has-post-thumbnail","hentry","category-aktualnosci","clearfix"],"_links":{"self":[{"href":"https:\/\/przedszkole18.edu.wroclaw.pl\/index.php\/wp-json\/wp\/v2\/posts\/12452","targetHints":{"allow":["GET"]}}],"collection":[{"href":"https:\/\/przedszkole18.edu.wroclaw.pl\/index.php\/wp-json\/wp\/v2\/posts"}],"about":[{"href":"https:\/\/przedszkole18.edu.wroclaw.pl\/index.php\/wp-json\/wp\/v2\/types\/post"}],"author":[{"embeddable":true,"href":"https:\/\/przedszkole18.edu.wroclaw.pl\/index.php\/wp-json\/wp\/v2\/users\/105"}],"replies":[{"embeddable":true,"href":"https:\/\/przedszkole18.edu.wroclaw.pl\/index.php\/wp-json\/wp\/v2\/comments?post=12452"}],"version-history":[{"count":2,"href":"https:\/\/przedszkole18.edu.wroclaw.pl\/index.php\/wp-json\/wp\/v2\/posts\/12452\/revisions"}],"predecessor-version":[{"id":12454,"href":"https:\/\/przedszkole18.edu.wroclaw.pl\/index.php\/wp-json\/wp\/v2\/posts\/12452\/revisions\/12454"}],"wp:featuredmedia":[{"embeddable":true,"href":"https:\/\/przedszkole18.edu.wroclaw.pl\/index.php\/wp-json\/wp\/v2\/media\/2411"}],"wp:attachment":[{"href":"https:\/\/przedszkole18.edu.wroclaw.pl\/index.php\/wp-json\/wp\/v2\/media?parent=12452"}],"wp:term":[{"taxonomy":"category","embeddable":true,"href":"https:\/\/przedszkole18.edu.wroclaw.pl\/index.php\/wp-json\/wp\/v2\/categories?post=12452"},{"taxonomy":"post_tag","embeddable":true,"href":"https:\/\/przedszkole18.edu.wroclaw.pl\/index.php\/wp-json\/wp\/v2\/tags?post=12452"}],"curies":[{"name":"wp","href":"https:\/\/api.w.org\/{rel}","templated":true}]}}