
{"id":12488,"date":"2025-05-12T05:52:23","date_gmt":"2025-05-12T03:52:23","guid":{"rendered":"https:\/\/przedszkole18.edu.wroclaw.pl\/?p=12488"},"modified":"2025-05-12T05:52:23","modified_gmt":"2025-05-12T03:52:23","slug":"nasze-przedszkole-w-akcji-80-000-zurawi-dla-pokoju","status":"publish","type":"post","link":"https:\/\/przedszkole18.edu.wroclaw.pl\/index.php\/2025\/05\/12\/nasze-przedszkole-w-akcji-80-000-zurawi-dla-pokoju\/","title":{"rendered":"Nasze przedszkole w akcji \u201e80 000 \u017curawi dla pokoju\u201d"},"content":{"rendered":"<p>Z rado\u015bci\u0105 informujemy, \u017ce nasze przedszkole aktywnie uczestniczy\u0142o w og\u00f3lnopolskiej inicjatywie \u201e80 000 \u017curawi dla pokoju\u201d. W ramach tej akcji, 10 dzieci z grupy 4 reprezentowa\u0142o nasz\u0105 plac\u00f3wk\u0119 podczas wydarzenia na Placu Wolno\u015bci we Wroc\u0142awiu, gdzie w sektorze K rozk\u0142ada\u0142y w\u0142asnor\u0119cznie wykonane papierowe \u017curawie.<\/p>\n<p>Dzi\u0119ki zaanga\u017cowaniu naszych przedszkolak\u00f3w, ich rodzic\u00f3w oraz pracownik\u00f3w, uda\u0142o nam si\u0119 wsp\u00f3lnie stworzy\u0107 ponad 500 \u017curawi, kt\u00f3re symbolizuj\u0105 pragnienie pokoju na \u015bwiecie. To wspania\u0142e osi\u0105gni\u0119cie pokazuje, jak wielk\u0105 moc maj\u0105 wsp\u00f3lne dzia\u0142ania i solidarno\u015b\u0107.<\/p>\n<p>Serdecznie dzi\u0119kujemy wszystkim za udzia\u0142 i wsparcie tej pi\u0119knej inicjatywy!<\/p>\n<p><img loading=\"lazy\" decoding=\"async\" class=\"alignnone size-medium wp-image-12489\" src=\"https:\/\/przedszkole18.edu.wroclaw.pl\/wp-content\/uploads\/sites\/36\/2025\/05\/IMG_4536-225x300.jpg\" alt=\"\" width=\"225\" height=\"300\" \/><img loading=\"lazy\" decoding=\"async\" class=\"alignnone size-medium wp-image-12490\" src=\"https:\/\/przedszkole18.edu.wroclaw.pl\/wp-content\/uploads\/sites\/36\/2025\/05\/IMG_4521-300x225.jpg\" alt=\"\" width=\"300\" height=\"225\" \/><img loading=\"lazy\" decoding=\"async\" class=\"alignnone size-medium wp-image-12491\" src=\"https:\/\/przedszkole18.edu.wroclaw.pl\/wp-content\/uploads\/sites\/36\/2025\/05\/IMG_4535-300x225.jpg\" alt=\"\" width=\"300\" height=\"225\" \/><\/p>\n","protected":false},"excerpt":{"rendered":"<p>Z rado\u015bci\u0105 informujemy, \u017ce nasze przedszkole aktywnie uczestniczy\u0142o w og\u00f3lnopolskiej inicjatywie \u201e80 000 \u017curawi dla pokoju\u201d. W ramach tej akcji, 10 dzieci z grupy 4 reprezentowa\u0142o nasz\u0105 plac\u00f3wk\u0119 podczas wydarzenia [&hellip;]<\/p>\n","protected":false},"author":112,"featured_media":0,"comment_status":"closed","ping_status":"closed","sticky":false,"template":"","format":"standard","meta":{"ngg_post_thumbnail":0,"footnotes":""},"categories":[3],"tags":[],"class_list":["post-12488","post","type-post","status-publish","format-standard","hentry","category-aktualnosci","clearfix"],"_links":{"self":[{"href":"https:\/\/przedszkole18.edu.wroclaw.pl\/index.php\/wp-json\/wp\/v2\/posts\/12488","targetHints":{"allow":["GET"]}}],"collection":[{"href":"https:\/\/przedszkole18.edu.wroclaw.pl\/index.php\/wp-json\/wp\/v2\/posts"}],"about":[{"href":"https:\/\/przedszkole18.edu.wroclaw.pl\/index.php\/wp-json\/wp\/v2\/types\/post"}],"author":[{"embeddable":true,"href":"https:\/\/przedszkole18.edu.wroclaw.pl\/index.php\/wp-json\/wp\/v2\/users\/112"}],"replies":[{"embeddable":true,"href":"https:\/\/przedszkole18.edu.wroclaw.pl\/index.php\/wp-json\/wp\/v2\/comments?post=12488"}],"version-history":[{"count":1,"href":"https:\/\/przedszkole18.edu.wroclaw.pl\/index.php\/wp-json\/wp\/v2\/posts\/12488\/revisions"}],"predecessor-version":[{"id":12492,"href":"https:\/\/przedszkole18.edu.wroclaw.pl\/index.php\/wp-json\/wp\/v2\/posts\/12488\/revisions\/12492"}],"wp:attachment":[{"href":"https:\/\/przedszkole18.edu.wroclaw.pl\/index.php\/wp-json\/wp\/v2\/media?parent=12488"}],"wp:term":[{"taxonomy":"category","embeddable":true,"href":"https:\/\/przedszkole18.edu.wroclaw.pl\/index.php\/wp-json\/wp\/v2\/categories?post=12488"},{"taxonomy":"post_tag","embeddable":true,"href":"https:\/\/przedszkole18.edu.wroclaw.pl\/index.php\/wp-json\/wp\/v2\/tags?post=12488"}],"curies":[{"name":"wp","href":"https:\/\/api.w.org\/{rel}","templated":true}]}}