
{"id":12496,"date":"2025-05-12T16:03:14","date_gmt":"2025-05-12T14:03:14","guid":{"rendered":"https:\/\/przedszkole18.edu.wroclaw.pl\/?p=12496"},"modified":"2025-05-12T16:06:35","modified_gmt":"2025-05-12T14:06:35","slug":"zdjecia-do-tablo-6-latki","status":"publish","type":"post","link":"https:\/\/przedszkole18.edu.wroclaw.pl\/index.php\/2025\/05\/12\/zdjecia-do-tablo-6-latki\/","title":{"rendered":"Zdj\u0119cia do tablo &#8211; 6 latki."},"content":{"rendered":"<p><span style=\"color: #000080\"><em><strong><span style=\"font-size: 14pt\"><span style=\"color: #ff0000\"><span style=\"color: #003366\">Szanowni Pa\u0144stwo!<\/span> <\/span><\/span><\/strong><\/em><\/span><\/p>\n<p><span style=\"color: #000080\"><em><strong><span style=\"font-size: 14pt\"><span style=\"color: #ff0000\">20 maja\/wtorek\/godzina 9.00<\/span>, zapraszamy <span style=\"color: #008080\"><span style=\"color: #ff0000\">6 latki<\/span>\u00a0<\/span> na sesj\u0119 zdj\u0119ciow\u0105 do pami\u0105tkowego Tablo. <\/span><\/strong><\/em><\/span><\/p>\n<p><span style=\"color: #000080\"><em><strong><span style=\"font-size: 14pt\"> Zgodnie z deklaracj\u0105 Rady Rodzic\u00f3w,\u00a0 zdj\u0119cia finansowane s\u0105 przez Rad\u0119 Rodzic\u00f3w,\u00a0 ze zgromadzonych funduszy. <\/span><\/strong><\/em><\/span><\/p>\n<p><span style=\"color: #000080\"><em><strong><span style=\"font-size: 14pt\">Bardzo prosimy o jednolit\u0105,\u00a0 bia\u0142\u0105 koszulk\u0119 lub koszul\u0119 \/ bez bajkowych nadruk\u00f3w\/by zdj\u0119cia i zamieszczone na nich dzieci, nabra\u0142y bardziej uroczystego charakteru.\u00a0<\/span><\/strong><\/em><\/span><\/p>\n<p><span style=\"color: #000080\"><em><span style=\"font-size: 14pt\"><strong><span style=\"color: #993366\"><img loading=\"lazy\" decoding=\"async\" class=\"alignnone size-medium wp-image-12498\" src=\"https:\/\/przedszkole18.edu.wroclaw.pl\/wp-content\/uploads\/sites\/36\/2025\/05\/Prezentacja-Mockup-157__Tablo_Eko_CA_1-300x300.jpg\" alt=\"\" width=\"300\" height=\"300\" srcset=\"https:\/\/przedszkole18.edu.wroclaw.pl\/wp-content\/uploads\/sites\/36\/2025\/05\/Prezentacja-Mockup-157__Tablo_Eko_CA_1-300x300.jpg 300w, https:\/\/przedszkole18.edu.wroclaw.pl\/wp-content\/uploads\/sites\/36\/2025\/05\/Prezentacja-Mockup-157__Tablo_Eko_CA_1-1024x1024.jpg 1024w, https:\/\/przedszkole18.edu.wroclaw.pl\/wp-content\/uploads\/sites\/36\/2025\/05\/Prezentacja-Mockup-157__Tablo_Eko_CA_1-150x150.jpg 150w, https:\/\/przedszkole18.edu.wroclaw.pl\/wp-content\/uploads\/sites\/36\/2025\/05\/Prezentacja-Mockup-157__Tablo_Eko_CA_1-768x768.jpg 768w, https:\/\/przedszkole18.edu.wroclaw.pl\/wp-content\/uploads\/sites\/36\/2025\/05\/Prezentacja-Mockup-157__Tablo_Eko_CA_1.jpg 1200w\" sizes=\"auto, (max-width: 300px) 100vw, 300px\" \/><img loading=\"lazy\" decoding=\"async\" class=\"alignnone size-medium wp-image-12499\" src=\"https:\/\/przedszkole18.edu.wroclaw.pl\/wp-content\/uploads\/sites\/36\/2025\/05\/ZDJECIE-KOLEZENSKIE-20zl-15x21-tylko-wydruk-300x240.jpg\" alt=\"\" width=\"300\" height=\"240\" srcset=\"https:\/\/przedszkole18.edu.wroclaw.pl\/wp-content\/uploads\/sites\/36\/2025\/05\/ZDJECIE-KOLEZENSKIE-20zl-15x21-tylko-wydruk-300x240.jpg 300w, https:\/\/przedszkole18.edu.wroclaw.pl\/wp-content\/uploads\/sites\/36\/2025\/05\/ZDJECIE-KOLEZENSKIE-20zl-15x21-tylko-wydruk-1024x819.jpg 1024w, https:\/\/przedszkole18.edu.wroclaw.pl\/wp-content\/uploads\/sites\/36\/2025\/05\/ZDJECIE-KOLEZENSKIE-20zl-15x21-tylko-wydruk-768x614.jpg 768w, https:\/\/przedszkole18.edu.wroclaw.pl\/wp-content\/uploads\/sites\/36\/2025\/05\/ZDJECIE-KOLEZENSKIE-20zl-15x21-tylko-wydruk-1536x1229.jpg 1536w, https:\/\/przedszkole18.edu.wroclaw.pl\/wp-content\/uploads\/sites\/36\/2025\/05\/ZDJECIE-KOLEZENSKIE-20zl-15x21-tylko-wydruk.jpg 2000w\" sizes=\"auto, (max-width: 300px) 100vw, 300px\" \/><\/span><\/strong><\/span><\/em><\/span><\/p>\n<p><span style=\"color: #000080\"><em><span style=\"font-size: 14pt\"><strong><span style=\"color: #993366\">Pani fotograf\u00a0 zaproponowa\u0142a mo\u017cliwo\u015b\u0107 wykonania dzieciom\u00a0 zdj\u0119\u0107 kole\u017ce\u0144skich dla tych z Pa\u0144stwa, kt\u00f3rzy\u00a0 wyra\u017c\u0105 tak\u0105 ochot\u0119 &#8211; zdj\u0119cia te\u00a0 s\u0105\u00a0 w formie drukowanego zdj\u0119cia bez dost\u0119pu do linku.\u00a0\u00a0 Koszt 1 odbitki 20 z\u0142otych.\u00a0 Zainteresowani rodzice proszeni s\u0105 o przekazanie informacji nauczycielk\u0105 w grupie.<\/span><\/strong>\u00a0<\/span><\/em><\/span><\/p>\n<p><span style=\"color: #0000ff\"><em><strong><span style=\"font-size: 14pt\">Aby \u0142atwiej by\u0142o Pa\u0144stwu planowa\u0107 czas informuje, \u017ce oficjalne zako\u0144czenie roku szkolnego dla 6 -latk\u00f3w planowane jest na <span style=\"color: #ff0000\">10 czerwca godzina 16.00<\/span> <\/span><\/strong><\/em><\/span><\/p>\n<p><span style=\"color: #666699\">Pozdrawiam i \u017cycz\u0119 zdrowia. Dyrektor plac\u00f3wki Lidia Walczak-I\u017cycka\u00a0<\/span><\/p>\n<p>&nbsp;<\/p>\n","protected":false},"excerpt":{"rendered":"<p>Szanowni Pa\u0144stwo! 20 maja\/wtorek\/godzina 9.00, zapraszamy 6 latki\u00a0 na sesj\u0119 zdj\u0119ciow\u0105 do pami\u0105tkowego Tablo. Zgodnie z deklaracj\u0105 Rady Rodzic\u00f3w,\u00a0 zdj\u0119cia finansowane s\u0105 przez Rad\u0119 Rodzic\u00f3w,\u00a0 ze zgromadzonych funduszy. Bardzo prosimy [&hellip;]<\/p>\n","protected":false},"author":115,"featured_media":11486,"comment_status":"closed","ping_status":"closed","sticky":false,"template":"","format":"standard","meta":{"ngg_post_thumbnail":0,"footnotes":""},"categories":[3],"tags":[],"class_list":["post-12496","post","type-post","status-publish","format-standard","has-post-thumbnail","hentry","category-aktualnosci","clearfix"],"_links":{"self":[{"href":"https:\/\/przedszkole18.edu.wroclaw.pl\/index.php\/wp-json\/wp\/v2\/posts\/12496","targetHints":{"allow":["GET"]}}],"collection":[{"href":"https:\/\/przedszkole18.edu.wroclaw.pl\/index.php\/wp-json\/wp\/v2\/posts"}],"about":[{"href":"https:\/\/przedszkole18.edu.wroclaw.pl\/index.php\/wp-json\/wp\/v2\/types\/post"}],"author":[{"embeddable":true,"href":"https:\/\/przedszkole18.edu.wroclaw.pl\/index.php\/wp-json\/wp\/v2\/users\/115"}],"replies":[{"embeddable":true,"href":"https:\/\/przedszkole18.edu.wroclaw.pl\/index.php\/wp-json\/wp\/v2\/comments?post=12496"}],"version-history":[{"count":3,"href":"https:\/\/przedszkole18.edu.wroclaw.pl\/index.php\/wp-json\/wp\/v2\/posts\/12496\/revisions"}],"predecessor-version":[{"id":12501,"href":"https:\/\/przedszkole18.edu.wroclaw.pl\/index.php\/wp-json\/wp\/v2\/posts\/12496\/revisions\/12501"}],"wp:featuredmedia":[{"embeddable":true,"href":"https:\/\/przedszkole18.edu.wroclaw.pl\/index.php\/wp-json\/wp\/v2\/media\/11486"}],"wp:attachment":[{"href":"https:\/\/przedszkole18.edu.wroclaw.pl\/index.php\/wp-json\/wp\/v2\/media?parent=12496"}],"wp:term":[{"taxonomy":"category","embeddable":true,"href":"https:\/\/przedszkole18.edu.wroclaw.pl\/index.php\/wp-json\/wp\/v2\/categories?post=12496"},{"taxonomy":"post_tag","embeddable":true,"href":"https:\/\/przedszkole18.edu.wroclaw.pl\/index.php\/wp-json\/wp\/v2\/tags?post=12496"}],"curies":[{"name":"wp","href":"https:\/\/api.w.org\/{rel}","templated":true}]}}