
{"id":12516,"date":"2025-05-20T10:09:16","date_gmt":"2025-05-20T08:09:16","guid":{"rendered":"https:\/\/przedszkole18.edu.wroclaw.pl\/?p=12516"},"modified":"2025-05-20T10:09:16","modified_gmt":"2025-05-20T08:09:16","slug":"12516","status":"publish","type":"post","link":"https:\/\/przedszkole18.edu.wroclaw.pl\/index.php\/2025\/05\/20\/12516\/","title":{"rendered":""},"content":{"rendered":"<p><span style=\"font-size: 14pt\"><em><span style=\"color: #000080\"><strong>Drodzy rodzice!<\/strong><\/span><\/em><\/span><\/p>\n<p><span style=\"font-size: 14pt;color: #333399\"><em>Zgodnie z informacja, widniej\u0105c\u0105 na drzwiach domofonowych oraz\u00a0 na stronie internetowej,\u00a0\u00a0 zak\u0142adka \/Dla rodzic\u00f3w &#8211; Przerwa wakacyjna\/ przypominam o z\u0142o\u017ceniu dokument\u00f3w we wskazanych terminach.<\/em><\/span><\/p>\n<p><span style=\"font-size: 14pt\"><em><span style=\"color: #000080\"><span style=\"color: #333399\"> U\u0142atwi to prac\u0119 przy organizacji\u00a0 pobytu dzieci w plac\u00f3wce podczas wakacji. Prosz\u0119 tak\u017ce pami\u0119ta\u0107, \u017ce jeste\u015bmy przedszkolem dy\u017curuj\u0105cym dla innych plac\u00f3wek w lipcu.\u00a0<\/span> <\/span><\/em><\/span><\/p>\n<p>&nbsp;<\/p>\n","protected":false},"excerpt":{"rendered":"<p>Drodzy rodzice! Zgodnie z informacja, widniej\u0105c\u0105 na drzwiach domofonowych oraz\u00a0 na stronie internetowej,\u00a0\u00a0 zak\u0142adka \/Dla rodzic\u00f3w &#8211; Przerwa wakacyjna\/ przypominam o z\u0142o\u017ceniu dokument\u00f3w we wskazanych terminach. U\u0142atwi to prac\u0119 przy [&hellip;]<\/p>\n","protected":false},"author":115,"featured_media":11485,"comment_status":"closed","ping_status":"closed","sticky":false,"template":"","format":"standard","meta":{"ngg_post_thumbnail":0,"footnotes":""},"categories":[3],"tags":[],"class_list":["post-12516","post","type-post","status-publish","format-standard","has-post-thumbnail","hentry","category-aktualnosci","clearfix"],"_links":{"self":[{"href":"https:\/\/przedszkole18.edu.wroclaw.pl\/index.php\/wp-json\/wp\/v2\/posts\/12516","targetHints":{"allow":["GET"]}}],"collection":[{"href":"https:\/\/przedszkole18.edu.wroclaw.pl\/index.php\/wp-json\/wp\/v2\/posts"}],"about":[{"href":"https:\/\/przedszkole18.edu.wroclaw.pl\/index.php\/wp-json\/wp\/v2\/types\/post"}],"author":[{"embeddable":true,"href":"https:\/\/przedszkole18.edu.wroclaw.pl\/index.php\/wp-json\/wp\/v2\/users\/115"}],"replies":[{"embeddable":true,"href":"https:\/\/przedszkole18.edu.wroclaw.pl\/index.php\/wp-json\/wp\/v2\/comments?post=12516"}],"version-history":[{"count":1,"href":"https:\/\/przedszkole18.edu.wroclaw.pl\/index.php\/wp-json\/wp\/v2\/posts\/12516\/revisions"}],"predecessor-version":[{"id":12517,"href":"https:\/\/przedszkole18.edu.wroclaw.pl\/index.php\/wp-json\/wp\/v2\/posts\/12516\/revisions\/12517"}],"wp:featuredmedia":[{"embeddable":true,"href":"https:\/\/przedszkole18.edu.wroclaw.pl\/index.php\/wp-json\/wp\/v2\/media\/11485"}],"wp:attachment":[{"href":"https:\/\/przedszkole18.edu.wroclaw.pl\/index.php\/wp-json\/wp\/v2\/media?parent=12516"}],"wp:term":[{"taxonomy":"category","embeddable":true,"href":"https:\/\/przedszkole18.edu.wroclaw.pl\/index.php\/wp-json\/wp\/v2\/categories?post=12516"},{"taxonomy":"post_tag","embeddable":true,"href":"https:\/\/przedszkole18.edu.wroclaw.pl\/index.php\/wp-json\/wp\/v2\/tags?post=12516"}],"curies":[{"name":"wp","href":"https:\/\/api.w.org\/{rel}","templated":true}]}}