
{"id":12521,"date":"2025-05-21T09:57:36","date_gmt":"2025-05-21T07:57:36","guid":{"rendered":"https:\/\/przedszkole18.edu.wroclaw.pl\/?p=12521"},"modified":"2025-05-21T09:57:36","modified_gmt":"2025-05-21T07:57:36","slug":"informacja-8","status":"publish","type":"post","link":"https:\/\/przedszkole18.edu.wroclaw.pl\/index.php\/2025\/05\/21\/informacja-8\/","title":{"rendered":"Informacja"},"content":{"rendered":"<p><em><strong><span style=\"color: #003300;font-size: 14pt\">Drodzy Pa\u0144stwo !<br \/>\n<\/span><\/strong><\/em><\/p>\n<p><span style=\"font-size: 14pt;color: #003300\"><em><strong>19 maja o godzinie 16.15 odby\u0142o si\u0119 spotkanie Rady Rodzic\u00f3w naszej plac\u00f3wki. <\/strong><\/em><\/span><\/p>\n<p><span style=\"font-size: 14pt;color: #003300\"><em><strong>Prosimy o zapoznane si\u0119 z protoko\u0142em spotkania, w kt\u00f3rym znajdziecie Pa\u0144stwo wszystkie wa\u017cne informacje.<br \/>\n<\/strong><\/em><\/span><\/p>\n<p><a href=\"https:\/\/docs.google.com\/document\/d\/1HQ6ySJej7Yp-7sR8aKOAYlY1o1d6OFm5fOr0FUSIJOA\/edit?usp=drivesdk\">https:\/\/docs.google.com\/document\/d\/1HQ6ySJej7Yp-7sR8aKOAYlY1o1d6OFm5fOr0FUSIJOA\/edit?usp=drivesdk<\/a><\/p>\n<p><span style=\"font-size: 14pt;color: #003300\"><em><strong>\u00a0<\/strong> <\/em><\/span><\/p>\n","protected":false},"excerpt":{"rendered":"<p>Drodzy Pa\u0144stwo ! 19 maja o godzinie 16.15 odby\u0142o si\u0119 spotkanie Rady Rodzic\u00f3w naszej plac\u00f3wki. Prosimy o zapoznane si\u0119 z protoko\u0142em spotkania, w kt\u00f3rym znajdziecie Pa\u0144stwo wszystkie wa\u017cne informacje. https:\/\/docs.google.com\/document\/d\/1HQ6ySJej7Yp-7sR8aKOAYlY1o1d6OFm5fOr0FUSIJOA\/edit?usp=drivesdk [&hellip;]<\/p>\n","protected":false},"author":115,"featured_media":11292,"comment_status":"closed","ping_status":"closed","sticky":false,"template":"","format":"standard","meta":{"ngg_post_thumbnail":0,"footnotes":""},"categories":[3],"tags":[],"class_list":["post-12521","post","type-post","status-publish","format-standard","has-post-thumbnail","hentry","category-aktualnosci","clearfix"],"_links":{"self":[{"href":"https:\/\/przedszkole18.edu.wroclaw.pl\/index.php\/wp-json\/wp\/v2\/posts\/12521","targetHints":{"allow":["GET"]}}],"collection":[{"href":"https:\/\/przedszkole18.edu.wroclaw.pl\/index.php\/wp-json\/wp\/v2\/posts"}],"about":[{"href":"https:\/\/przedszkole18.edu.wroclaw.pl\/index.php\/wp-json\/wp\/v2\/types\/post"}],"author":[{"embeddable":true,"href":"https:\/\/przedszkole18.edu.wroclaw.pl\/index.php\/wp-json\/wp\/v2\/users\/115"}],"replies":[{"embeddable":true,"href":"https:\/\/przedszkole18.edu.wroclaw.pl\/index.php\/wp-json\/wp\/v2\/comments?post=12521"}],"version-history":[{"count":1,"href":"https:\/\/przedszkole18.edu.wroclaw.pl\/index.php\/wp-json\/wp\/v2\/posts\/12521\/revisions"}],"predecessor-version":[{"id":12522,"href":"https:\/\/przedszkole18.edu.wroclaw.pl\/index.php\/wp-json\/wp\/v2\/posts\/12521\/revisions\/12522"}],"wp:featuredmedia":[{"embeddable":true,"href":"https:\/\/przedszkole18.edu.wroclaw.pl\/index.php\/wp-json\/wp\/v2\/media\/11292"}],"wp:attachment":[{"href":"https:\/\/przedszkole18.edu.wroclaw.pl\/index.php\/wp-json\/wp\/v2\/media?parent=12521"}],"wp:term":[{"taxonomy":"category","embeddable":true,"href":"https:\/\/przedszkole18.edu.wroclaw.pl\/index.php\/wp-json\/wp\/v2\/categories?post=12521"},{"taxonomy":"post_tag","embeddable":true,"href":"https:\/\/przedszkole18.edu.wroclaw.pl\/index.php\/wp-json\/wp\/v2\/tags?post=12521"}],"curies":[{"name":"wp","href":"https:\/\/api.w.org\/{rel}","templated":true}]}}