
{"id":12527,"date":"2025-05-26T14:13:40","date_gmt":"2025-05-26T12:13:40","guid":{"rendered":"https:\/\/przedszkole18.edu.wroclaw.pl\/?p=12527"},"modified":"2025-05-27T13:12:00","modified_gmt":"2025-05-27T11:12:00","slug":"festyn-rodzinny-w-wiolinku-4","status":"publish","type":"post","link":"https:\/\/przedszkole18.edu.wroclaw.pl\/index.php\/2025\/05\/26\/festyn-rodzinny-w-wiolinku-4\/","title":{"rendered":"Rodzinny Festyn w &#8222;Wiolinku&#8221;"},"content":{"rendered":"<p style=\"text-align: center\"><span style=\"font-size: 18pt;color: #008000\"><em><strong><span style=\"font-size: 24pt\">Kochani !<\/span> <\/strong><\/em><\/span><\/p>\n<p style=\"text-align: center\"><span style=\"font-size: 18pt;color: #000080\"><em><strong>W imieniu dzieci, pracownik\u00f3w i Rady Rodzic\u00f3w,\u00a0 zapraszamy do wsp\u00f3lnej zabawy<\/strong><\/em><\/span><\/p>\n<p style=\"text-align: center\"><span style=\"font-size: 18pt;color: #000080\"><em><strong><span style=\"color: #000080\"> w pi\u0105tkowe popo\u0142udnie 30.05.2025r.,\u00a0\u00a0 godzina 15.30-18.00 Jak zawsze kochani prosimy o przygotowanie kwiat\u00f3w i wiatraczk\u00f3w na patyku, to doskona\u0142y, kolorowy\u00a0 dodatek do naszego zielonego ogrodu. Zach\u0119camy tez do upieczenia 4 ciast od grupy,\u00a0 to pyszne przysmaki do naszej festynowej kawiarenki.<br \/>\n<\/span><\/strong><\/em><\/span><\/p>\n<p style=\"text-align: center\"><span style=\"font-size: 18pt;color: #333399\"><em><strong>To dzie\u0144, w kt\u00f3rych chcemy uczci\u0107 wszystkie wa\u017cne uroczysto\u015bci<\/strong><\/em><\/span><\/p>\n<p style=\"text-align: center\"><span style=\"font-size: 18pt;color: #000080\"><em><strong><span style=\"color: #333399\"> Dzie\u0144 Mamy, Dzie\u0144 Dziecka, Dzie\u0144 Taty.<\/span><br \/>\n<\/strong><\/em><\/span><\/p>\n<p style=\"text-align: center\"><span style=\"font-size: 18pt;color: #008000\"><em><strong> Liczymy na Wasz\u0105 obecno\u015b\u0107 i dobr\u0105, wsp\u00f3ln\u0105 zabaw\u0119.\u00a0 Do zobaczenia na festynie.\u00a0<\/strong> <\/em><\/span><\/p>\n<p style=\"text-align: center\"><img loading=\"lazy\" decoding=\"async\" class=\"alignnone size-medium wp-image-12526\" src=\"https:\/\/przedszkole18.edu.wroclaw.pl\/wp-content\/uploads\/sites\/36\/2025\/05\/Plakat-festyn--212x300.png\" alt=\"\" width=\"212\" height=\"300\" srcset=\"https:\/\/przedszkole18.edu.wroclaw.pl\/wp-content\/uploads\/sites\/36\/2025\/05\/Plakat-festyn--212x300.png 212w, https:\/\/przedszkole18.edu.wroclaw.pl\/wp-content\/uploads\/sites\/36\/2025\/05\/Plakat-festyn--724x1024.png 724w, https:\/\/przedszkole18.edu.wroclaw.pl\/wp-content\/uploads\/sites\/36\/2025\/05\/Plakat-festyn--768x1086.png 768w, https:\/\/przedszkole18.edu.wroclaw.pl\/wp-content\/uploads\/sites\/36\/2025\/05\/Plakat-festyn--1086x1536.png 1086w, https:\/\/przedszkole18.edu.wroclaw.pl\/wp-content\/uploads\/sites\/36\/2025\/05\/Plakat-festyn--1448x2048.png 1448w, https:\/\/przedszkole18.edu.wroclaw.pl\/wp-content\/uploads\/sites\/36\/2025\/05\/Plakat-festyn-.png 1587w\" sizes=\"auto, (max-width: 212px) 100vw, 212px\" \/><\/p>\n","protected":false},"excerpt":{"rendered":"<p>Kochani ! W imieniu dzieci, pracownik\u00f3w i Rady Rodzic\u00f3w,\u00a0 zapraszamy do wsp\u00f3lnej zabawy w pi\u0105tkowe popo\u0142udnie 30.05.2025r.,\u00a0\u00a0 godzina 15.30-18.00 Jak zawsze kochani prosimy o przygotowanie kwiat\u00f3w i wiatraczk\u00f3w na patyku, [&hellip;]<\/p>\n","protected":false},"author":115,"featured_media":12526,"comment_status":"closed","ping_status":"closed","sticky":false,"template":"","format":"standard","meta":{"ngg_post_thumbnail":0,"footnotes":""},"categories":[3],"tags":[],"class_list":["post-12527","post","type-post","status-publish","format-standard","has-post-thumbnail","hentry","category-aktualnosci","clearfix"],"_links":{"self":[{"href":"https:\/\/przedszkole18.edu.wroclaw.pl\/index.php\/wp-json\/wp\/v2\/posts\/12527","targetHints":{"allow":["GET"]}}],"collection":[{"href":"https:\/\/przedszkole18.edu.wroclaw.pl\/index.php\/wp-json\/wp\/v2\/posts"}],"about":[{"href":"https:\/\/przedszkole18.edu.wroclaw.pl\/index.php\/wp-json\/wp\/v2\/types\/post"}],"author":[{"embeddable":true,"href":"https:\/\/przedszkole18.edu.wroclaw.pl\/index.php\/wp-json\/wp\/v2\/users\/115"}],"replies":[{"embeddable":true,"href":"https:\/\/przedszkole18.edu.wroclaw.pl\/index.php\/wp-json\/wp\/v2\/comments?post=12527"}],"version-history":[{"count":4,"href":"https:\/\/przedszkole18.edu.wroclaw.pl\/index.php\/wp-json\/wp\/v2\/posts\/12527\/revisions"}],"predecessor-version":[{"id":12554,"href":"https:\/\/przedszkole18.edu.wroclaw.pl\/index.php\/wp-json\/wp\/v2\/posts\/12527\/revisions\/12554"}],"wp:featuredmedia":[{"embeddable":true,"href":"https:\/\/przedszkole18.edu.wroclaw.pl\/index.php\/wp-json\/wp\/v2\/media\/12526"}],"wp:attachment":[{"href":"https:\/\/przedszkole18.edu.wroclaw.pl\/index.php\/wp-json\/wp\/v2\/media?parent=12527"}],"wp:term":[{"taxonomy":"category","embeddable":true,"href":"https:\/\/przedszkole18.edu.wroclaw.pl\/index.php\/wp-json\/wp\/v2\/categories?post=12527"},{"taxonomy":"post_tag","embeddable":true,"href":"https:\/\/przedszkole18.edu.wroclaw.pl\/index.php\/wp-json\/wp\/v2\/tags?post=12527"}],"curies":[{"name":"wp","href":"https:\/\/api.w.org\/{rel}","templated":true}]}}