
{"id":12560,"date":"2025-05-28T16:05:20","date_gmt":"2025-05-28T14:05:20","guid":{"rendered":"https:\/\/przedszkole18.edu.wroclaw.pl\/?p=12560"},"modified":"2025-05-28T16:09:22","modified_gmt":"2025-05-28T14:09:22","slug":"informacja-9","status":"publish","type":"post","link":"https:\/\/przedszkole18.edu.wroclaw.pl\/index.php\/2025\/05\/28\/informacja-9\/","title":{"rendered":"Informacja."},"content":{"rendered":"<p style=\"text-align: center\"><span style=\"font-size: 18pt;color: #000080\"><em><strong>Drodzy rodzice, kochane dzieci !\u00a0<\/strong><\/em><\/span><\/p>\n<p style=\"text-align: center\"><span style=\"font-size: 14pt;color: #ff0000\"><em><strong>30 maja\/pi\u0105tek\/\u00a0 to dzie\u0144 naszego rodzinnego festynu, martwicie si\u0119 o pogod\u0119?<br \/>\n<\/strong><\/em><\/span><\/p>\n<p style=\"text-align: center\"><span style=\"font-size: 14pt\"><em><strong><span style=\"color: #008000\"> Nie podpisa\u0142am umowy z aur\u0105, ale licz\u0119, \u017ce b\u0119dzie OK.<\/span>\u00a0<\/strong><\/em><\/span><\/p>\n<p style=\"text-align: center\"><span style=\"font-size: 14pt\"><em><strong><span style=\"color: #ff0000\">Zadanie dla wszystkich:\u00a0<\/span><\/strong><\/em><\/span><span style=\"font-size: 14pt\"><em><strong><span style=\"color: #0000ff\"> ta\u0144czymy dla s\u0142o\u0144ca, aby pozwoli\u0142o nam si\u0119 sob\u0105 cieszy\u0107,\u00a0<\/span><\/strong><\/em><\/span><span style=\"font-size: 14pt;color: #0000ff\"><em><strong> przygotowujemy kwiatki i wiatraczki do dekoracji ogrodu,\u00a0<\/strong><\/em><\/span><span style=\"font-size: 14pt;color: #0000ff\"><em><strong> pieczemy ciasta, bo wiemy,\u00a0 \u017ce lubimy je\u00a0 je\u015b\u0107,\u00a0<\/strong><\/em><\/span><span style=\"font-size: 14pt;color: #0000ff\"><em><strong> zabieramy na festyn du\u017co u\u015bmiechu i zrozumienia,\u00a0<\/strong><\/em><\/span><span style=\"font-size: 14pt;color: #0000ff\"><em><strong> w razie deszczu,\u00a0 festyn przeniesiemy do budynku i te\u017c b\u0119dzie pi\u0119knie. <\/strong><\/em><\/span><span style=\"font-size: 14pt\"><em><strong><span style=\"color: #800080\">Dobre my\u015bli, dobre s\u0142owa i dobre Wasze\u00a0 fluidy,\u00a0 pozwol\u0105 przetrwa\u0107 wszystko.<\/span> \u00a0\u00a0\u00a0\u00a0\u00a0\u00a0\u00a0\u00a0\u00a0\u00a0\u00a0\u00a0\u00a0\u00a0\u00a0\u00a0\u00a0\u00a0\u00a0\u00a0\u00a0\u00a0\u00a0\u00a0\u00a0\u00a0\u00a0\u00a0\u00a0\u00a0\u00a0\u00a0\u00a0\u00a0\u00a0\u00a0\u00a0\u00a0\u00a0\u00a0\u00a0\u00a0\u00a0\u00a0\u00a0\u00a0\u00a0\u00a0\u00a0\u00a0\u00a0\u00a0\u00a0\u00a0\u00a0\u00a0\u00a0\u00a0\u00a0\u00a0\u00a0\u00a0\u00a0\u00a0\u00a0\u00a0\u00a0\u00a0\u00a0\u00a0\u00a0\u00a0\u00a0\u00a0\u00a0\u00a0\u00a0\u00a0\u00a0\u00a0\u00a0\u00a0\u00a0\u00a0\u00a0\u00a0\u00a0\u00a0\u00a0\u00a0 <\/strong><\/em><\/span><span style=\"font-size: 14pt\"><em><strong><span style=\"color: #800080\">Pozdrawiam serdecznie, czekamy na Was. <\/span><\/strong><span style=\"color: #666699\">Dyrektor plac\u00f3wki\u00a0 i wspaniali pomocnicy.\u00a0<\/span> <\/em><\/span><\/p>\n","protected":false},"excerpt":{"rendered":"<p>Drodzy rodzice, kochane dzieci !\u00a0 30 maja\/pi\u0105tek\/\u00a0 to dzie\u0144 naszego rodzinnego festynu, martwicie si\u0119 o pogod\u0119? Nie podpisa\u0142am umowy z aur\u0105, ale licz\u0119, \u017ce b\u0119dzie OK.\u00a0 Zadanie dla wszystkich:\u00a0 ta\u0144czymy [&hellip;]<\/p>\n","protected":false},"author":115,"featured_media":11293,"comment_status":"closed","ping_status":"closed","sticky":false,"template":"","format":"standard","meta":{"ngg_post_thumbnail":0,"footnotes":""},"categories":[3],"tags":[],"class_list":["post-12560","post","type-post","status-publish","format-standard","has-post-thumbnail","hentry","category-aktualnosci","clearfix"],"_links":{"self":[{"href":"https:\/\/przedszkole18.edu.wroclaw.pl\/index.php\/wp-json\/wp\/v2\/posts\/12560","targetHints":{"allow":["GET"]}}],"collection":[{"href":"https:\/\/przedszkole18.edu.wroclaw.pl\/index.php\/wp-json\/wp\/v2\/posts"}],"about":[{"href":"https:\/\/przedszkole18.edu.wroclaw.pl\/index.php\/wp-json\/wp\/v2\/types\/post"}],"author":[{"embeddable":true,"href":"https:\/\/przedszkole18.edu.wroclaw.pl\/index.php\/wp-json\/wp\/v2\/users\/115"}],"replies":[{"embeddable":true,"href":"https:\/\/przedszkole18.edu.wroclaw.pl\/index.php\/wp-json\/wp\/v2\/comments?post=12560"}],"version-history":[{"count":5,"href":"https:\/\/przedszkole18.edu.wroclaw.pl\/index.php\/wp-json\/wp\/v2\/posts\/12560\/revisions"}],"predecessor-version":[{"id":12565,"href":"https:\/\/przedszkole18.edu.wroclaw.pl\/index.php\/wp-json\/wp\/v2\/posts\/12560\/revisions\/12565"}],"wp:featuredmedia":[{"embeddable":true,"href":"https:\/\/przedszkole18.edu.wroclaw.pl\/index.php\/wp-json\/wp\/v2\/media\/11293"}],"wp:attachment":[{"href":"https:\/\/przedszkole18.edu.wroclaw.pl\/index.php\/wp-json\/wp\/v2\/media?parent=12560"}],"wp:term":[{"taxonomy":"category","embeddable":true,"href":"https:\/\/przedszkole18.edu.wroclaw.pl\/index.php\/wp-json\/wp\/v2\/categories?post=12560"},{"taxonomy":"post_tag","embeddable":true,"href":"https:\/\/przedszkole18.edu.wroclaw.pl\/index.php\/wp-json\/wp\/v2\/tags?post=12560"}],"curies":[{"name":"wp","href":"https:\/\/api.w.org\/{rel}","templated":true}]}}