
{"id":12567,"date":"2025-05-31T12:32:17","date_gmt":"2025-05-31T10:32:17","guid":{"rendered":"https:\/\/przedszkole18.edu.wroclaw.pl\/?p=12567"},"modified":"2025-05-31T12:32:17","modified_gmt":"2025-05-31T10:32:17","slug":"dziekujemy-6","status":"publish","type":"post","link":"https:\/\/przedszkole18.edu.wroclaw.pl\/index.php\/2025\/05\/31\/dziekujemy-6\/","title":{"rendered":"Dzi\u0119kujemy !!!"},"content":{"rendered":"<p style=\"text-align: center\"><span style=\"font-size: 18pt;color: #008000\"><em><strong>Szanowni Pa\u0144stwo!<\/strong><\/em><\/span><\/p>\n<p style=\"text-align: center\"><span style=\"font-size: 14pt;color: #808000\"><em><strong>Bardzo dzi\u0119kuj\u0119,\u00a0 za Wasze\u00a0 wielkie serca, pomocne d\u0142onie\u00a0 i okazan\u0105 hojno\u015b\u0107. <\/strong><\/em><\/span><\/p>\n<p style=\"text-align: center\"><span style=\"font-size: 14pt;color: #808000\"><em><strong>Fundusz Rady Rodzic\u00f3w &#8211; zasilony o nowe \u015brodki, na potrzeby naszych wychowank\u00f3w.<\/strong><\/em><\/span><\/p>\n<p style=\"text-align: center\"><span style=\"font-size: 14pt;color: #800080\"><em><strong> Mi\u0142o nam by\u0142o go\u015bci\u0107\u00a0 wszystkich,\u00a0 tak\u017ce naszych absolwent\u00f3w, bo to znak, \u017ce lubi\u0105 tu wraca\u0107.\u00a0 <\/strong><\/em><\/span><\/p>\n<p style=\"text-align: center\"><span style=\"font-size: 14pt;color: #800080\"><em><strong>Dzi\u0119kuj\u0119 rodzicom Franka, kt\u00f3rzy chcieli nas odwiedzi\u0107, ale z uwagi na stan zdrowia Franka nie uda\u0142o si\u0119,\u00a0 wsp\u00f3lnie upiekli babeczki do naszej s\u0142odkiej\u00a0 kawiarenki i dostarczyli nam\u00a0 z pozdrowieniami\u00a0 i podzi\u0119kowaniem za Wasze wsparcie przekazane im z ubieg\u0142orocznego festynu.\u00a0 Dzi\u0119kujemy bardzo.\u00a0<\/strong><\/em><\/span><\/p>\n<p style=\"text-align: center\"><span style=\"font-size: 14pt;color: #800080\"><em><strong>Dzi\u0119kuj\u0119 bardzo\u00a0 wszystkim pracownikom przedszkola, za ich staranie i du\u017ce serce, kt\u00f3re wk\u0142adaj\u0105 we wszystkie dzia\u0142ania,\u00a0 by dzie\u0144 festynowych zabaw z rodzin\u0105, by\u0142 nie tylko artystycznym wydarzeniem ale tak\u017ce,\u00a0 mi\u0142ym wspomnieniem dla wszystkich.\u00a0<\/strong><\/em><\/span><\/p>\n<p style=\"text-align: center\"><span style=\"font-size: 14pt;color: #800080\"><em><strong> Bardzo Wam dzi\u0119kuj\u0119.\u00a0<\/strong><\/em><\/span><\/p>\n<p style=\"text-align: center\"><span style=\"color: #666699\"><em>Pozdrawiam serdecznie, \u017cycz\u0119 du\u017co zdrowia. Dyrektor plac\u00f3wki Lidia Walczak-I\u017cycka\u00a0<\/em><\/span><\/p>\n","protected":false},"excerpt":{"rendered":"<p>Szanowni Pa\u0144stwo! Bardzo dzi\u0119kuj\u0119,\u00a0 za Wasze\u00a0 wielkie serca, pomocne d\u0142onie\u00a0 i okazan\u0105 hojno\u015b\u0107. Fundusz Rady Rodzic\u00f3w &#8211; zasilony o nowe \u015brodki, na potrzeby naszych wychowank\u00f3w. Mi\u0142o nam by\u0142o go\u015bci\u0107\u00a0 wszystkich,\u00a0 [&hellip;]<\/p>\n","protected":false},"author":115,"featured_media":10778,"comment_status":"closed","ping_status":"closed","sticky":false,"template":"","format":"standard","meta":{"ngg_post_thumbnail":0,"footnotes":""},"categories":[3],"tags":[],"class_list":["post-12567","post","type-post","status-publish","format-standard","has-post-thumbnail","hentry","category-aktualnosci","clearfix"],"_links":{"self":[{"href":"https:\/\/przedszkole18.edu.wroclaw.pl\/index.php\/wp-json\/wp\/v2\/posts\/12567","targetHints":{"allow":["GET"]}}],"collection":[{"href":"https:\/\/przedszkole18.edu.wroclaw.pl\/index.php\/wp-json\/wp\/v2\/posts"}],"about":[{"href":"https:\/\/przedszkole18.edu.wroclaw.pl\/index.php\/wp-json\/wp\/v2\/types\/post"}],"author":[{"embeddable":true,"href":"https:\/\/przedszkole18.edu.wroclaw.pl\/index.php\/wp-json\/wp\/v2\/users\/115"}],"replies":[{"embeddable":true,"href":"https:\/\/przedszkole18.edu.wroclaw.pl\/index.php\/wp-json\/wp\/v2\/comments?post=12567"}],"version-history":[{"count":1,"href":"https:\/\/przedszkole18.edu.wroclaw.pl\/index.php\/wp-json\/wp\/v2\/posts\/12567\/revisions"}],"predecessor-version":[{"id":12568,"href":"https:\/\/przedszkole18.edu.wroclaw.pl\/index.php\/wp-json\/wp\/v2\/posts\/12567\/revisions\/12568"}],"wp:featuredmedia":[{"embeddable":true,"href":"https:\/\/przedszkole18.edu.wroclaw.pl\/index.php\/wp-json\/wp\/v2\/media\/10778"}],"wp:attachment":[{"href":"https:\/\/przedszkole18.edu.wroclaw.pl\/index.php\/wp-json\/wp\/v2\/media?parent=12567"}],"wp:term":[{"taxonomy":"category","embeddable":true,"href":"https:\/\/przedszkole18.edu.wroclaw.pl\/index.php\/wp-json\/wp\/v2\/categories?post=12567"},{"taxonomy":"post_tag","embeddable":true,"href":"https:\/\/przedszkole18.edu.wroclaw.pl\/index.php\/wp-json\/wp\/v2\/tags?post=12567"}],"curies":[{"name":"wp","href":"https:\/\/api.w.org\/{rel}","templated":true}]}}