
{"id":12597,"date":"2025-06-12T16:49:34","date_gmt":"2025-06-12T14:49:34","guid":{"rendered":"https:\/\/przedszkole18.edu.wroclaw.pl\/?p=12597"},"modified":"2025-06-12T16:49:34","modified_gmt":"2025-06-12T14:49:34","slug":"informacja-10","status":"publish","type":"post","link":"https:\/\/przedszkole18.edu.wroclaw.pl\/index.php\/2025\/06\/12\/informacja-10\/","title":{"rendered":"Informacja!"},"content":{"rendered":"<p style=\"text-align: center\"><span style=\"font-size: 14pt;color: #000080\"><em><strong>Szanowni Rodzice!<\/strong><\/em><\/span><\/p>\n<p style=\"text-align: center\"><span style=\"font-size: 14pt;color: #000080\"><em><strong>Z uwagi na bezpiecze\u0144stwo wychowank\u00f3w oraz na zapisy zawarte w Statucie plac\u00f3wki prosz\u0119 i przypominam. <\/strong><\/em><\/span><\/p>\n<p style=\"text-align: center\"><span style=\"font-size: 14pt;color: #000080\"><em><strong>Do przedszkola,\u00a0 nie przynosimy aparat\u00f3w, zegark\u00f3w elektronicznych, gier komputerowych i innych sprz\u0119t\u00f3w elektronicznych. Bardzo prosz\u0119 o przestrzeganie zapis\u00f3w, kt\u00f3re zaakceptowali Pa\u0144stwo podczas naszych spotka\u0144 przed rozpocz\u0119ciem roku szkolnego.<\/strong><\/em><\/span><\/p>\n<p style=\"text-align: right\"><em><span style=\"color: #808080\"><span style=\"color: #666699\">Dyrektor plac\u00f3wki Lidia Walczak-I\u017cycka<\/span>\u00a0\u00a0<\/span><\/em><\/p>\n","protected":false},"excerpt":{"rendered":"<p>Szanowni Rodzice! Z uwagi na bezpiecze\u0144stwo wychowank\u00f3w oraz na zapisy zawarte w Statucie plac\u00f3wki prosz\u0119 i przypominam. Do przedszkola,\u00a0 nie przynosimy aparat\u00f3w, zegark\u00f3w elektronicznych, gier komputerowych i innych sprz\u0119t\u00f3w elektronicznych. [&hellip;]<\/p>\n","protected":false},"author":115,"featured_media":12556,"comment_status":"closed","ping_status":"closed","sticky":false,"template":"","format":"standard","meta":{"ngg_post_thumbnail":0,"footnotes":""},"categories":[3],"tags":[],"class_list":["post-12597","post","type-post","status-publish","format-standard","has-post-thumbnail","hentry","category-aktualnosci","clearfix"],"_links":{"self":[{"href":"https:\/\/przedszkole18.edu.wroclaw.pl\/index.php\/wp-json\/wp\/v2\/posts\/12597","targetHints":{"allow":["GET"]}}],"collection":[{"href":"https:\/\/przedszkole18.edu.wroclaw.pl\/index.php\/wp-json\/wp\/v2\/posts"}],"about":[{"href":"https:\/\/przedszkole18.edu.wroclaw.pl\/index.php\/wp-json\/wp\/v2\/types\/post"}],"author":[{"embeddable":true,"href":"https:\/\/przedszkole18.edu.wroclaw.pl\/index.php\/wp-json\/wp\/v2\/users\/115"}],"replies":[{"embeddable":true,"href":"https:\/\/przedszkole18.edu.wroclaw.pl\/index.php\/wp-json\/wp\/v2\/comments?post=12597"}],"version-history":[{"count":1,"href":"https:\/\/przedszkole18.edu.wroclaw.pl\/index.php\/wp-json\/wp\/v2\/posts\/12597\/revisions"}],"predecessor-version":[{"id":12598,"href":"https:\/\/przedszkole18.edu.wroclaw.pl\/index.php\/wp-json\/wp\/v2\/posts\/12597\/revisions\/12598"}],"wp:featuredmedia":[{"embeddable":true,"href":"https:\/\/przedszkole18.edu.wroclaw.pl\/index.php\/wp-json\/wp\/v2\/media\/12556"}],"wp:attachment":[{"href":"https:\/\/przedszkole18.edu.wroclaw.pl\/index.php\/wp-json\/wp\/v2\/media?parent=12597"}],"wp:term":[{"taxonomy":"category","embeddable":true,"href":"https:\/\/przedszkole18.edu.wroclaw.pl\/index.php\/wp-json\/wp\/v2\/categories?post=12597"},{"taxonomy":"post_tag","embeddable":true,"href":"https:\/\/przedszkole18.edu.wroclaw.pl\/index.php\/wp-json\/wp\/v2\/tags?post=12597"}],"curies":[{"name":"wp","href":"https:\/\/api.w.org\/{rel}","templated":true}]}}