
{"id":12609,"date":"2025-06-23T17:12:35","date_gmt":"2025-06-23T15:12:35","guid":{"rendered":"https:\/\/przedszkole18.edu.wroclaw.pl\/?p=12609"},"modified":"2025-06-23T17:13:55","modified_gmt":"2025-06-23T15:13:55","slug":"informacja-11","status":"publish","type":"post","link":"https:\/\/przedszkole18.edu.wroclaw.pl\/index.php\/2025\/06\/23\/informacja-11\/","title":{"rendered":"Informacja"},"content":{"rendered":"<p style=\"text-align: center\"><span style=\"font-size: 14pt;color: #000080\"><strong>Zgodnie z Pa\u0144stwa pro\u015bb\u0105 \/grupa I, II\/\u00a0 zapraszamy na ostatni\u0105 w tym roku szkolnym,\u00a0 sesj\u0119 zdj\u0119ciow\u0105 <\/strong><\/span><\/p>\n<p style=\"text-align: center\"><span style=\"font-size: 14pt;color: #000080\"><strong>26.06.2025 godzina 9.00\u00a0 Grupowe i kole\u017ce\u0144skie\u00a0 propozycje zdj\u0119\u0107.\u00a0 <\/strong><\/span><span style=\"font-size: 14pt;color: #666699\"><span style=\"font-size: 12pt\">Pozdrawiam i \u017cycz\u0119 zdrowia\u00a0<\/span><\/span><\/p>\n<p>&nbsp;<\/p>\n","protected":false},"excerpt":{"rendered":"<p>Zgodnie z Pa\u0144stwa pro\u015bb\u0105 \/grupa I, II\/\u00a0 zapraszamy na ostatni\u0105 w tym roku szkolnym,\u00a0 sesj\u0119 zdj\u0119ciow\u0105 26.06.2025 godzina 9.00\u00a0 Grupowe i kole\u017ce\u0144skie\u00a0 propozycje zdj\u0119\u0107.\u00a0 Pozdrawiam i \u017cycz\u0119 zdrowia\u00a0 &nbsp;<\/p>\n","protected":false},"author":115,"featured_media":12608,"comment_status":"closed","ping_status":"closed","sticky":false,"template":"","format":"standard","meta":{"ngg_post_thumbnail":0,"footnotes":""},"categories":[3],"tags":[],"class_list":["post-12609","post","type-post","status-publish","format-standard","has-post-thumbnail","hentry","category-aktualnosci","clearfix"],"_links":{"self":[{"href":"https:\/\/przedszkole18.edu.wroclaw.pl\/index.php\/wp-json\/wp\/v2\/posts\/12609","targetHints":{"allow":["GET"]}}],"collection":[{"href":"https:\/\/przedszkole18.edu.wroclaw.pl\/index.php\/wp-json\/wp\/v2\/posts"}],"about":[{"href":"https:\/\/przedszkole18.edu.wroclaw.pl\/index.php\/wp-json\/wp\/v2\/types\/post"}],"author":[{"embeddable":true,"href":"https:\/\/przedszkole18.edu.wroclaw.pl\/index.php\/wp-json\/wp\/v2\/users\/115"}],"replies":[{"embeddable":true,"href":"https:\/\/przedszkole18.edu.wroclaw.pl\/index.php\/wp-json\/wp\/v2\/comments?post=12609"}],"version-history":[{"count":3,"href":"https:\/\/przedszkole18.edu.wroclaw.pl\/index.php\/wp-json\/wp\/v2\/posts\/12609\/revisions"}],"predecessor-version":[{"id":12612,"href":"https:\/\/przedszkole18.edu.wroclaw.pl\/index.php\/wp-json\/wp\/v2\/posts\/12609\/revisions\/12612"}],"wp:featuredmedia":[{"embeddable":true,"href":"https:\/\/przedszkole18.edu.wroclaw.pl\/index.php\/wp-json\/wp\/v2\/media\/12608"}],"wp:attachment":[{"href":"https:\/\/przedszkole18.edu.wroclaw.pl\/index.php\/wp-json\/wp\/v2\/media?parent=12609"}],"wp:term":[{"taxonomy":"category","embeddable":true,"href":"https:\/\/przedszkole18.edu.wroclaw.pl\/index.php\/wp-json\/wp\/v2\/categories?post=12609"},{"taxonomy":"post_tag","embeddable":true,"href":"https:\/\/przedszkole18.edu.wroclaw.pl\/index.php\/wp-json\/wp\/v2\/tags?post=12609"}],"curies":[{"name":"wp","href":"https:\/\/api.w.org\/{rel}","templated":true}]}}