
{"id":12654,"date":"2025-07-14T15:15:44","date_gmt":"2025-07-14T13:15:44","guid":{"rendered":"https:\/\/przedszkole18.edu.wroclaw.pl\/?p=12654"},"modified":"2025-07-14T15:25:20","modified_gmt":"2025-07-14T13:25:20","slug":"bajkowoz-tetru-na-ostrowie","status":"publish","type":"post","link":"https:\/\/przedszkole18.edu.wroclaw.pl\/index.php\/2025\/07\/14\/bajkowoz-tetru-na-ostrowie\/","title":{"rendered":"Bajkow\u00f3z Tetru na Ostrowie"},"content":{"rendered":"<p style=\"text-align: center\"><em><strong><span style=\"font-size: 14pt;color: #000080\">Szanowni Pa\u0144stwo !<\/span><\/strong><\/em><\/p>\n<p style=\"text-align: center\"><em><strong><span style=\"font-size: 14pt;color: #000080\"> W ramach letnich spotka\u0144 z teatrem,\u00a0 w dniu dzisiejszym, go\u015bcili\u015bmy aktor\u00f3w\u00a0 z Teatru na Ostrowie Tumskim. Przedstawienie odby\u0142o si\u0119 w ogrodzie przedszkolnym i nios\u0142o ze sob\u0105 przes\u0142anie o tolerancji i szacunku dla wszystkich zwierz\u0105t, zw\u0142aszcza starych. Szanuj, kochaj i niezmiennie dbaj o swego zwierzaka. <\/span><\/strong><\/em><\/p>\n<p style=\"text-align: center\"><em><strong><span style=\"font-size: 14pt;color: #000080\">Przedstawienie pod tytu\u0142em\u00a0 &#8222;Osio\u0142ek i muzykanci&#8221;<\/span><\/strong><\/em><\/p>\n<p><img loading=\"lazy\" decoding=\"async\" class=\"alignnone wp-image-12661 alignleft\" src=\"https:\/\/przedszkole18.edu.wroclaw.pl\/wp-content\/uploads\/sites\/36\/2025\/07\/1000019081-300x226.jpg\" alt=\"\" width=\"316\" height=\"238\" srcset=\"https:\/\/przedszkole18.edu.wroclaw.pl\/wp-content\/uploads\/sites\/36\/2025\/07\/1000019081-300x226.jpg 300w, https:\/\/przedszkole18.edu.wroclaw.pl\/wp-content\/uploads\/sites\/36\/2025\/07\/1000019081-1024x771.jpg 1024w, https:\/\/przedszkole18.edu.wroclaw.pl\/wp-content\/uploads\/sites\/36\/2025\/07\/1000019081-768x578.jpg 768w, https:\/\/przedszkole18.edu.wroclaw.pl\/wp-content\/uploads\/sites\/36\/2025\/07\/1000019081-1536x1157.jpg 1536w, https:\/\/przedszkole18.edu.wroclaw.pl\/wp-content\/uploads\/sites\/36\/2025\/07\/1000019081-2048x1542.jpg 2048w\" sizes=\"auto, (max-width: 316px) 100vw, 316px\" \/><img loading=\"lazy\" decoding=\"async\" class=\"alignnone wp-image-12659\" src=\"https:\/\/przedszkole18.edu.wroclaw.pl\/wp-content\/uploads\/sites\/36\/2025\/07\/1000019084-300x226.jpg\" alt=\"\" width=\"320\" height=\"241\" srcset=\"https:\/\/przedszkole18.edu.wroclaw.pl\/wp-content\/uploads\/sites\/36\/2025\/07\/1000019084-300x226.jpg 300w, https:\/\/przedszkole18.edu.wroclaw.pl\/wp-content\/uploads\/sites\/36\/2025\/07\/1000019084-1024x771.jpg 1024w, https:\/\/przedszkole18.edu.wroclaw.pl\/wp-content\/uploads\/sites\/36\/2025\/07\/1000019084-768x578.jpg 768w, https:\/\/przedszkole18.edu.wroclaw.pl\/wp-content\/uploads\/sites\/36\/2025\/07\/1000019084-1536x1157.jpg 1536w, https:\/\/przedszkole18.edu.wroclaw.pl\/wp-content\/uploads\/sites\/36\/2025\/07\/1000019084-2048x1542.jpg 2048w\" sizes=\"auto, (max-width: 320px) 100vw, 320px\" \/><img loading=\"lazy\" decoding=\"async\" class=\"alignnone wp-image-12660\" src=\"https:\/\/przedszkole18.edu.wroclaw.pl\/wp-content\/uploads\/sites\/36\/2025\/07\/1000019083-300x226.jpg\" alt=\"\" width=\"296\" height=\"223\" srcset=\"https:\/\/przedszkole18.edu.wroclaw.pl\/wp-content\/uploads\/sites\/36\/2025\/07\/1000019083-300x226.jpg 300w, https:\/\/przedszkole18.edu.wroclaw.pl\/wp-content\/uploads\/sites\/36\/2025\/07\/1000019083-1024x771.jpg 1024w, https:\/\/przedszkole18.edu.wroclaw.pl\/wp-content\/uploads\/sites\/36\/2025\/07\/1000019083-768x578.jpg 768w, https:\/\/przedszkole18.edu.wroclaw.pl\/wp-content\/uploads\/sites\/36\/2025\/07\/1000019083-1536x1157.jpg 1536w, https:\/\/przedszkole18.edu.wroclaw.pl\/wp-content\/uploads\/sites\/36\/2025\/07\/1000019083-2048x1542.jpg 2048w\" sizes=\"auto, (max-width: 296px) 100vw, 296px\" \/><img loading=\"lazy\" decoding=\"async\" class=\"alignnone size-medium wp-image-12658\" src=\"https:\/\/przedszkole18.edu.wroclaw.pl\/wp-content\/uploads\/sites\/36\/2025\/07\/1000019088-300x226.jpg\" alt=\"\" width=\"300\" height=\"226\" srcset=\"https:\/\/przedszkole18.edu.wroclaw.pl\/wp-content\/uploads\/sites\/36\/2025\/07\/1000019088-300x226.jpg 300w, https:\/\/przedszkole18.edu.wroclaw.pl\/wp-content\/uploads\/sites\/36\/2025\/07\/1000019088-1024x771.jpg 1024w, https:\/\/przedszkole18.edu.wroclaw.pl\/wp-content\/uploads\/sites\/36\/2025\/07\/1000019088-768x578.jpg 768w, https:\/\/przedszkole18.edu.wroclaw.pl\/wp-content\/uploads\/sites\/36\/2025\/07\/1000019088-1536x1157.jpg 1536w, https:\/\/przedszkole18.edu.wroclaw.pl\/wp-content\/uploads\/sites\/36\/2025\/07\/1000019088-2048x1542.jpg 2048w\" sizes=\"auto, (max-width: 300px) 100vw, 300px\" \/><\/p>\n<p style=\"text-align: center\">\n","protected":false},"excerpt":{"rendered":"<p>Szanowni Pa\u0144stwo ! W ramach letnich spotka\u0144 z teatrem,\u00a0 w dniu dzisiejszym, go\u015bcili\u015bmy aktor\u00f3w\u00a0 z Teatru na Ostrowie Tumskim. Przedstawienie odby\u0142o si\u0119 w ogrodzie przedszkolnym i nios\u0142o ze sob\u0105 przes\u0142anie [&hellip;]<\/p>\n","protected":false},"author":115,"featured_media":12575,"comment_status":"closed","ping_status":"closed","sticky":false,"template":"","format":"standard","meta":{"ngg_post_thumbnail":0,"footnotes":""},"categories":[3],"tags":[],"class_list":["post-12654","post","type-post","status-publish","format-standard","has-post-thumbnail","hentry","category-aktualnosci","clearfix"],"_links":{"self":[{"href":"https:\/\/przedszkole18.edu.wroclaw.pl\/index.php\/wp-json\/wp\/v2\/posts\/12654","targetHints":{"allow":["GET"]}}],"collection":[{"href":"https:\/\/przedszkole18.edu.wroclaw.pl\/index.php\/wp-json\/wp\/v2\/posts"}],"about":[{"href":"https:\/\/przedszkole18.edu.wroclaw.pl\/index.php\/wp-json\/wp\/v2\/types\/post"}],"author":[{"embeddable":true,"href":"https:\/\/przedszkole18.edu.wroclaw.pl\/index.php\/wp-json\/wp\/v2\/users\/115"}],"replies":[{"embeddable":true,"href":"https:\/\/przedszkole18.edu.wroclaw.pl\/index.php\/wp-json\/wp\/v2\/comments?post=12654"}],"version-history":[{"count":6,"href":"https:\/\/przedszkole18.edu.wroclaw.pl\/index.php\/wp-json\/wp\/v2\/posts\/12654\/revisions"}],"predecessor-version":[{"id":12664,"href":"https:\/\/przedszkole18.edu.wroclaw.pl\/index.php\/wp-json\/wp\/v2\/posts\/12654\/revisions\/12664"}],"wp:featuredmedia":[{"embeddable":true,"href":"https:\/\/przedszkole18.edu.wroclaw.pl\/index.php\/wp-json\/wp\/v2\/media\/12575"}],"wp:attachment":[{"href":"https:\/\/przedszkole18.edu.wroclaw.pl\/index.php\/wp-json\/wp\/v2\/media?parent=12654"}],"wp:term":[{"taxonomy":"category","embeddable":true,"href":"https:\/\/przedszkole18.edu.wroclaw.pl\/index.php\/wp-json\/wp\/v2\/categories?post=12654"},{"taxonomy":"post_tag","embeddable":true,"href":"https:\/\/przedszkole18.edu.wroclaw.pl\/index.php\/wp-json\/wp\/v2\/tags?post=12654"}],"curies":[{"name":"wp","href":"https:\/\/api.w.org\/{rel}","templated":true}]}}