
{"id":12681,"date":"2025-08-14T15:16:51","date_gmt":"2025-08-14T13:16:51","guid":{"rendered":"https:\/\/przedszkole18.edu.wroclaw.pl\/?p=12681"},"modified":"2025-08-14T15:18:10","modified_gmt":"2025-08-14T13:18:10","slug":"nowi-wychowankowie-4","status":"publish","type":"post","link":"https:\/\/przedszkole18.edu.wroclaw.pl\/index.php\/2025\/08\/14\/nowi-wychowankowie-4\/","title":{"rendered":"Nowi wychowankowie!"},"content":{"rendered":"<p style=\"text-align: center\"><em><span style=\"color: #000080\"><strong><span style=\"font-size: 18pt\">Pierwsze kroki w naszym przedszkolu!\u00a0<\/span><\/strong><\/span><\/em><\/p>\n<p style=\"text-align: center\"><span style=\"font-size: 14pt\"><strong><span style=\"color: #666699\">Drodzy Rodzice, aby u\u0142atwi\u0107 Pa\u0144stwu przygotowania do rozpocz\u0119cia roku szkolnego , przygotowali\u015bmy zestaw praktycznych wskaz\u00f3wek oraz pierwsze dokumenty do pobrania. Znajdziecie tu Pa\u0144stwo informacje o pierwszej wyprawce i wskaz\u00f3wki by pierwsze kroki w nowym miejscu dla dzieci,\u00a0 by\u0142y \u0142atwiejsze.\u00a0\u00a0<\/span><\/strong><\/span><\/p>\n<p style=\"text-align: center\"><span style=\"font-size: 14pt\"><strong><span style=\"color: #666699\">Prosimy o zapoznanie si\u0119 z materia\u0142ami\u00a0 i wype\u0142nienie potrzebnych dokument\u00f3w i dostarczenie ich do przedszkola\u00a0 w dniu rozpocz\u0119cia nowego roku szkolnego, dzi\u0119ki temu pierwsze dni w przedszkolu b\u0119d\u0105 spokojne i radosne zar\u00f3wno dla dzieci jak i dla Pa\u0144stwa.\u00a0\u00a0<\/span><\/strong><\/span><\/p>\n<p><a href=\"https:\/\/przedszkole18.edu.wroclaw.pl\/wp-content\/uploads\/sites\/36\/2025\/08\/Nowi-wychowankowie-3-latki-.doc-2025-2026.doc\">Nowi wychowankowie &#8211; 3 latki .doc 2025-2026<\/a><\/p>\n<p><a href=\"https:\/\/przedszkole18.edu.wroclaw.pl\/wp-content\/uploads\/sites\/36\/2025\/08\/Deklaracja-pobytu-dziecka-w-P-18.-2025-26-doc.doc\">Deklaracja pobytu dziecka w P-18. 2025-26 doc<\/a><\/p>\n<p><a href=\"https:\/\/przedszkole18.edu.wroclaw.pl\/wp-content\/uploads\/sites\/36\/2025\/08\/Zal.-8.-Zgoda-na-wizerunek-na-www.docx\">Za\u0142. 8. Zgoda na wizerunek na www<\/a><\/p>\n<p><a href=\"https:\/\/przedszkole18.edu.wroclaw.pl\/wp-content\/uploads\/sites\/36\/2025\/08\/Zal.-9.-Karta-do-odbioru-dziecka-z-przedszkola.docx\">Za\u0142. 9. Karta do odbioru dziecka z przedszkola<\/a><\/p>\n<p><a href=\"https:\/\/przedszkole18.edu.wroclaw.pl\/wp-content\/uploads\/sites\/36\/2025\/08\/Wniosek-o-zwolnienie-z-oplaty-3-dzieci-.doc\">Wniosek o zwolnienie z op\u0142aty 3 dzieci<\/a><\/p>\n","protected":false},"excerpt":{"rendered":"<p>Pierwsze kroki w naszym przedszkolu!\u00a0 Drodzy Rodzice, aby u\u0142atwi\u0107 Pa\u0144stwu przygotowania do rozpocz\u0119cia roku szkolnego , przygotowali\u015bmy zestaw praktycznych wskaz\u00f3wek oraz pierwsze dokumenty do pobrania. Znajdziecie tu Pa\u0144stwo informacje o [&hellip;]<\/p>\n","protected":false},"author":115,"featured_media":12182,"comment_status":"closed","ping_status":"closed","sticky":false,"template":"","format":"standard","meta":{"ngg_post_thumbnail":0,"footnotes":""},"categories":[3],"tags":[],"class_list":["post-12681","post","type-post","status-publish","format-standard","has-post-thumbnail","hentry","category-aktualnosci","clearfix"],"_links":{"self":[{"href":"https:\/\/przedszkole18.edu.wroclaw.pl\/index.php\/wp-json\/wp\/v2\/posts\/12681","targetHints":{"allow":["GET"]}}],"collection":[{"href":"https:\/\/przedszkole18.edu.wroclaw.pl\/index.php\/wp-json\/wp\/v2\/posts"}],"about":[{"href":"https:\/\/przedszkole18.edu.wroclaw.pl\/index.php\/wp-json\/wp\/v2\/types\/post"}],"author":[{"embeddable":true,"href":"https:\/\/przedszkole18.edu.wroclaw.pl\/index.php\/wp-json\/wp\/v2\/users\/115"}],"replies":[{"embeddable":true,"href":"https:\/\/przedszkole18.edu.wroclaw.pl\/index.php\/wp-json\/wp\/v2\/comments?post=12681"}],"version-history":[{"count":2,"href":"https:\/\/przedszkole18.edu.wroclaw.pl\/index.php\/wp-json\/wp\/v2\/posts\/12681\/revisions"}],"predecessor-version":[{"id":12683,"href":"https:\/\/przedszkole18.edu.wroclaw.pl\/index.php\/wp-json\/wp\/v2\/posts\/12681\/revisions\/12683"}],"wp:featuredmedia":[{"embeddable":true,"href":"https:\/\/przedszkole18.edu.wroclaw.pl\/index.php\/wp-json\/wp\/v2\/media\/12182"}],"wp:attachment":[{"href":"https:\/\/przedszkole18.edu.wroclaw.pl\/index.php\/wp-json\/wp\/v2\/media?parent=12681"}],"wp:term":[{"taxonomy":"category","embeddable":true,"href":"https:\/\/przedszkole18.edu.wroclaw.pl\/index.php\/wp-json\/wp\/v2\/categories?post=12681"},{"taxonomy":"post_tag","embeddable":true,"href":"https:\/\/przedszkole18.edu.wroclaw.pl\/index.php\/wp-json\/wp\/v2\/tags?post=12681"}],"curies":[{"name":"wp","href":"https:\/\/api.w.org\/{rel}","templated":true}]}}