
{"id":12688,"date":"2025-09-02T10:17:07","date_gmt":"2025-09-02T08:17:07","guid":{"rendered":"https:\/\/przedszkole18.edu.wroclaw.pl\/?p=12688"},"modified":"2025-09-02T10:17:07","modified_gmt":"2025-09-02T08:17:07","slug":"grupa-3-latkow","status":"publish","type":"post","link":"https:\/\/przedszkole18.edu.wroclaw.pl\/index.php\/2025\/09\/02\/grupa-3-latkow\/","title":{"rendered":"Grupa  3-latk\u00f3w"},"content":{"rendered":"<p style=\"text-align: center\"><em><span style=\"font-size: 14pt;color: #0000ff\"><strong>DRODZY RODZICE !<\/strong><\/span><\/em><\/p>\n<p style=\"text-align: center\"><strong><em><span style=\"font-size: 14pt;color: #0000ff\">Serdecznie zapraszamy na spotkanie organizacyjne dla rodzic\u00f3w<\/span><\/em><\/strong><\/p>\n<p style=\"text-align: center\"><strong><em><span style=\"font-size: 14pt;color: #0000ff\">\u00a0dzieci z grupy\u00a0 3 \u2013 latk\u00f3w<\/span><\/em><\/strong><\/p>\n<p style=\"text-align: center\"><strong><em><span style=\"font-size: 14pt;color: #0000ff\"><u>04.09.2025<\/u><u>\/czwartek\/\u00a0 godzina 16.00 sala grupy I<\/u><\/span><\/em><\/strong><\/p>\n<p style=\"text-align: center\"><strong><em><span style=\"font-size: 14pt;color: #008000\">Spotkanie b\u0119dzie okazj\u0119 aby:<\/span><\/em><\/strong><\/p>\n<p style=\"text-align: center\"><strong><em><span style=\"font-size: 14pt;color: #008000\">&#8211; pozna\u0107 nauczycieli i personel pracuj\u0105cy z dzie\u0107mi<\/span><\/em><\/strong><\/p>\n<p style=\"text-align: center\"><strong><em><span style=\"font-size: 14pt;color: #008000\">&#8211; om\u00f3wi\u0107 wa\u017cne kwestie zwi\u0105zane z organizacj\u0105 pracy plac\u00f3wki<\/span><\/em><\/strong><\/p>\n<p style=\"text-align: center\"><strong><em><span style=\"font-size: 14pt;color: #008000\">&#8211; porozmawia\u0107 o potrzebach i adaptacji naszych najm\u0142odszych<\/span><\/em><\/strong><\/p>\n<p style=\"text-align: center\"><strong><em><span style=\"font-size: 14pt;color: #008000\">&#8211; zda\u0107 pytanie i podzieli\u0107 si\u0119 swoimi spostrze\u017ceniami<\/span><\/em><\/strong><\/p>\n<p style=\"text-align: center\"><span style=\"color: #0000ff\"><strong><span style=\"font-size: 14pt\">Bardzo zale\u017cy nam, aby stworzy\u0107 pa\u0144stwa dzieciom, miejsce pe\u0142ne ciep\u0142a, bezpiecze\u0144stwa i rado\u015bci. <\/span><\/strong><\/span><\/p>\n<p style=\"text-align: center\"><span style=\"color: #0000ff\"><strong><span style=\"font-size: 14pt\">Wsp\u00f3\u0142praca z rodzicami to dla nas klucz do dobrego startu przedszkolnej przygody.<\/span><\/strong><\/span><\/p>\n<p style=\"text-align: center\"><span style=\"color: #0000ff\"><strong><span style=\"font-size: 14pt\">Do zobaczenia<\/span><\/strong><\/span><\/p>\n","protected":false},"excerpt":{"rendered":"<p>DRODZY RODZICE ! Serdecznie zapraszamy na spotkanie organizacyjne dla rodzic\u00f3w \u00a0dzieci z grupy\u00a0 3 \u2013 latk\u00f3w 04.09.2025\/czwartek\/\u00a0 godzina 16.00 sala grupy I Spotkanie b\u0119dzie okazj\u0119 aby: &#8211; pozna\u0107 nauczycieli i [&hellip;]<\/p>\n","protected":false},"author":115,"featured_media":11293,"comment_status":"closed","ping_status":"closed","sticky":false,"template":"","format":"standard","meta":{"ngg_post_thumbnail":0,"footnotes":""},"categories":[3],"tags":[],"class_list":["post-12688","post","type-post","status-publish","format-standard","has-post-thumbnail","hentry","category-aktualnosci","clearfix"],"_links":{"self":[{"href":"https:\/\/przedszkole18.edu.wroclaw.pl\/index.php\/wp-json\/wp\/v2\/posts\/12688","targetHints":{"allow":["GET"]}}],"collection":[{"href":"https:\/\/przedszkole18.edu.wroclaw.pl\/index.php\/wp-json\/wp\/v2\/posts"}],"about":[{"href":"https:\/\/przedszkole18.edu.wroclaw.pl\/index.php\/wp-json\/wp\/v2\/types\/post"}],"author":[{"embeddable":true,"href":"https:\/\/przedszkole18.edu.wroclaw.pl\/index.php\/wp-json\/wp\/v2\/users\/115"}],"replies":[{"embeddable":true,"href":"https:\/\/przedszkole18.edu.wroclaw.pl\/index.php\/wp-json\/wp\/v2\/comments?post=12688"}],"version-history":[{"count":1,"href":"https:\/\/przedszkole18.edu.wroclaw.pl\/index.php\/wp-json\/wp\/v2\/posts\/12688\/revisions"}],"predecessor-version":[{"id":12689,"href":"https:\/\/przedszkole18.edu.wroclaw.pl\/index.php\/wp-json\/wp\/v2\/posts\/12688\/revisions\/12689"}],"wp:featuredmedia":[{"embeddable":true,"href":"https:\/\/przedszkole18.edu.wroclaw.pl\/index.php\/wp-json\/wp\/v2\/media\/11293"}],"wp:attachment":[{"href":"https:\/\/przedszkole18.edu.wroclaw.pl\/index.php\/wp-json\/wp\/v2\/media?parent=12688"}],"wp:term":[{"taxonomy":"category","embeddable":true,"href":"https:\/\/przedszkole18.edu.wroclaw.pl\/index.php\/wp-json\/wp\/v2\/categories?post=12688"},{"taxonomy":"post_tag","embeddable":true,"href":"https:\/\/przedszkole18.edu.wroclaw.pl\/index.php\/wp-json\/wp\/v2\/tags?post=12688"}],"curies":[{"name":"wp","href":"https:\/\/api.w.org\/{rel}","templated":true}]}}