
{"id":12690,"date":"2025-09-03T13:35:41","date_gmt":"2025-09-03T11:35:41","guid":{"rendered":"https:\/\/przedszkole18.edu.wroclaw.pl\/?p=12690"},"modified":"2025-09-03T13:35:46","modified_gmt":"2025-09-03T11:35:46","slug":"grupa-iv-zebranie-organizacyjne-2","status":"publish","type":"post","link":"https:\/\/przedszkole18.edu.wroclaw.pl\/index.php\/2025\/09\/03\/grupa-iv-zebranie-organizacyjne-2\/","title":{"rendered":"Grupa IV &#8211; zebranie organizacyjne !"},"content":{"rendered":"<p><span style=\"font-size: 14pt;color: #000080\"><em><strong>Drodzy rodzice !<\/strong><\/em><\/span><\/p>\n<p><span style=\"font-size: 14pt;color: #000080\"><em><strong>Zapraszamy na zebranie organizacyjne, kt\u00f3re odb\u0119dzie si\u0119 05.09.2025\/pi\u0105tek\/\u00a0 godzina 16.00 w sali grupy IV. <\/strong><\/em><\/span><\/p>\n<p><span style=\"font-size: 14pt;color: #000080\"><em><strong>Om\u00f3wimy wszystko co wa\u017cne w bie\u017c\u0105cym\u00a0 roku szkolnym.\u00a0 <\/strong><\/em><\/span><span style=\"font-size: 14pt;color: #000080\"><em><strong>Zapraszamy serdecznie, do zobaczenia.\u00a0\u00a0<\/strong><\/em><\/span><\/p>\n<p>&nbsp;<\/p>\n","protected":false},"excerpt":{"rendered":"<p>Drodzy rodzice ! Zapraszamy na zebranie organizacyjne, kt\u00f3re odb\u0119dzie si\u0119 05.09.2025\/pi\u0105tek\/\u00a0 godzina 16.00 w sali grupy IV. Om\u00f3wimy wszystko co wa\u017cne w bie\u017c\u0105cym\u00a0 roku szkolnym.\u00a0 Zapraszamy serdecznie, do zobaczenia.\u00a0\u00a0 &nbsp;<\/p>\n","protected":false},"author":115,"featured_media":12556,"comment_status":"closed","ping_status":"closed","sticky":false,"template":"","format":"standard","meta":{"ngg_post_thumbnail":0,"footnotes":""},"categories":[3],"tags":[],"class_list":["post-12690","post","type-post","status-publish","format-standard","has-post-thumbnail","hentry","category-aktualnosci","clearfix"],"_links":{"self":[{"href":"https:\/\/przedszkole18.edu.wroclaw.pl\/index.php\/wp-json\/wp\/v2\/posts\/12690","targetHints":{"allow":["GET"]}}],"collection":[{"href":"https:\/\/przedszkole18.edu.wroclaw.pl\/index.php\/wp-json\/wp\/v2\/posts"}],"about":[{"href":"https:\/\/przedszkole18.edu.wroclaw.pl\/index.php\/wp-json\/wp\/v2\/types\/post"}],"author":[{"embeddable":true,"href":"https:\/\/przedszkole18.edu.wroclaw.pl\/index.php\/wp-json\/wp\/v2\/users\/115"}],"replies":[{"embeddable":true,"href":"https:\/\/przedszkole18.edu.wroclaw.pl\/index.php\/wp-json\/wp\/v2\/comments?post=12690"}],"version-history":[{"count":1,"href":"https:\/\/przedszkole18.edu.wroclaw.pl\/index.php\/wp-json\/wp\/v2\/posts\/12690\/revisions"}],"predecessor-version":[{"id":12691,"href":"https:\/\/przedszkole18.edu.wroclaw.pl\/index.php\/wp-json\/wp\/v2\/posts\/12690\/revisions\/12691"}],"wp:featuredmedia":[{"embeddable":true,"href":"https:\/\/przedszkole18.edu.wroclaw.pl\/index.php\/wp-json\/wp\/v2\/media\/12556"}],"wp:attachment":[{"href":"https:\/\/przedszkole18.edu.wroclaw.pl\/index.php\/wp-json\/wp\/v2\/media?parent=12690"}],"wp:term":[{"taxonomy":"category","embeddable":true,"href":"https:\/\/przedszkole18.edu.wroclaw.pl\/index.php\/wp-json\/wp\/v2\/categories?post=12690"},{"taxonomy":"post_tag","embeddable":true,"href":"https:\/\/przedszkole18.edu.wroclaw.pl\/index.php\/wp-json\/wp\/v2\/tags?post=12690"}],"curies":[{"name":"wp","href":"https:\/\/api.w.org\/{rel}","templated":true}]}}