
{"id":12748,"date":"2025-09-17T11:52:06","date_gmt":"2025-09-17T09:52:06","guid":{"rendered":"https:\/\/przedszkole18.edu.wroclaw.pl\/?p=12748"},"modified":"2025-09-17T11:53:39","modified_gmt":"2025-09-17T09:53:39","slug":"zajecia-sportowe-mali-wspaniali","status":"publish","type":"post","link":"https:\/\/przedszkole18.edu.wroclaw.pl\/index.php\/2025\/09\/17\/zajecia-sportowe-mali-wspaniali\/","title":{"rendered":"Zaj\u0119cia sportowe\/ Mali Wspaniali\/"},"content":{"rendered":"<p><span style=\"font-size: 14pt;color: #000080\"><strong>Szanowni Pa\u0144stwo.<\/strong><\/span><\/p>\n<p><span style=\"font-size: 14pt;color: #000080\"><strong>W bie\u017c\u0105cym roku szkolnym, na nowo rozpoczynamy bezp\u0142atne, og\u00f3lnorozwojowe zaj\u0119cia ruchowe z elementami karate z instruktorem Fundacji Mali Wspaniali. Co trzeba zrobi\u0107?\u00a0<\/strong><\/span><\/p>\n<p><span style=\"font-size: 14pt;color: #000080\"><strong>1. Zarejestruj si\u0119 na stronie fundacji kodem otrzymanym od nauczyciela swojej grupy.<\/strong><\/span><\/p>\n<p><span style=\"font-size: 14pt;color: #000080\"><strong>2. Pi\u0105tek to dzie\u0144 spotka\u0144 z instruktorem &#8211; prosz\u0119 przygotowa\u0107 dzieciom str\u00f3j sportowy w woreczku\/ 4, 5 i 6 latki\/ <\/strong><\/span><\/p>\n<p><span style=\"font-size: 14pt;color: #000080\"><strong>3. W zaj\u0119ciach mog\u0105 wzi\u0105\u0107 udzia\u0142 dzieci tylko zarejestrowanie na platformie Mali Wspaniali.\u00a0<\/strong><\/span><\/p>\n<p><span style=\"font-size: 14pt;color: #666699\"><strong>Pozdrawiamy i \u017cyczymy udanej zabawy wszystkim wychowankom.\u00a0<\/strong><\/span><\/p>\n<p><a href=\"https:\/\/mali-wspaniali.pl\/\">https:\/\/mali-wspaniali.pl\/<\/a><\/p>\n","protected":false},"excerpt":{"rendered":"<p>Szanowni Pa\u0144stwo. W bie\u017c\u0105cym roku szkolnym, na nowo rozpoczynamy bezp\u0142atne, og\u00f3lnorozwojowe zaj\u0119cia ruchowe z elementami karate z instruktorem Fundacji Mali Wspaniali. Co trzeba zrobi\u0107?\u00a0 1. Zarejestruj si\u0119 na stronie fundacji [&hellip;]<\/p>\n","protected":false},"author":115,"featured_media":12746,"comment_status":"closed","ping_status":"closed","sticky":false,"template":"","format":"standard","meta":{"ngg_post_thumbnail":0,"footnotes":""},"categories":[3],"tags":[],"class_list":["post-12748","post","type-post","status-publish","format-standard","has-post-thumbnail","hentry","category-aktualnosci","clearfix"],"_links":{"self":[{"href":"https:\/\/przedszkole18.edu.wroclaw.pl\/index.php\/wp-json\/wp\/v2\/posts\/12748","targetHints":{"allow":["GET"]}}],"collection":[{"href":"https:\/\/przedszkole18.edu.wroclaw.pl\/index.php\/wp-json\/wp\/v2\/posts"}],"about":[{"href":"https:\/\/przedszkole18.edu.wroclaw.pl\/index.php\/wp-json\/wp\/v2\/types\/post"}],"author":[{"embeddable":true,"href":"https:\/\/przedszkole18.edu.wroclaw.pl\/index.php\/wp-json\/wp\/v2\/users\/115"}],"replies":[{"embeddable":true,"href":"https:\/\/przedszkole18.edu.wroclaw.pl\/index.php\/wp-json\/wp\/v2\/comments?post=12748"}],"version-history":[{"count":3,"href":"https:\/\/przedszkole18.edu.wroclaw.pl\/index.php\/wp-json\/wp\/v2\/posts\/12748\/revisions"}],"predecessor-version":[{"id":12751,"href":"https:\/\/przedszkole18.edu.wroclaw.pl\/index.php\/wp-json\/wp\/v2\/posts\/12748\/revisions\/12751"}],"wp:featuredmedia":[{"embeddable":true,"href":"https:\/\/przedszkole18.edu.wroclaw.pl\/index.php\/wp-json\/wp\/v2\/media\/12746"}],"wp:attachment":[{"href":"https:\/\/przedszkole18.edu.wroclaw.pl\/index.php\/wp-json\/wp\/v2\/media?parent=12748"}],"wp:term":[{"taxonomy":"category","embeddable":true,"href":"https:\/\/przedszkole18.edu.wroclaw.pl\/index.php\/wp-json\/wp\/v2\/categories?post=12748"},{"taxonomy":"post_tag","embeddable":true,"href":"https:\/\/przedszkole18.edu.wroclaw.pl\/index.php\/wp-json\/wp\/v2\/tags?post=12748"}],"curies":[{"name":"wp","href":"https:\/\/api.w.org\/{rel}","templated":true}]}}