
{"id":12755,"date":"2025-09-20T16:28:25","date_gmt":"2025-09-20T14:28:25","guid":{"rendered":"https:\/\/przedszkole18.edu.wroclaw.pl\/?p=12755"},"modified":"2025-09-20T16:28:25","modified_gmt":"2025-09-20T14:28:25","slug":"wycieczka","status":"publish","type":"post","link":"https:\/\/przedszkole18.edu.wroclaw.pl\/index.php\/2025\/09\/20\/wycieczka\/","title":{"rendered":"Wycieczka!"},"content":{"rendered":"<p style=\"text-align: center\"><span style=\"font-size: 14pt;color: #000080\"><strong>Szanowni Pa\u0144stwo !\u00a0<\/strong><\/span><\/p>\n<p style=\"text-align: center\"><span style=\"font-size: 14pt;color: #000080\"><strong>Zapraszamy\u00a0 dzieci na wycieczk\u0119 zorganizowan\u0105 przez cz\u0142onk\u00f3w RR w dniu\u00a0 <span style=\"color: #ff0000\">24.09.2025 \/ \u015broda<\/span>\/ Koszty wyjazdu ufundowany ze \u015brodk\u00f3w Rady Rodzic\u00f3w zgromadzonych w ubieg\u0142ym roku szkolnym.\u00a0\u00a0<\/strong><\/span><\/p>\n<p style=\"text-align: center\"><span style=\"font-size: 14pt;color: #000080\"><strong>Nasza wyprawa to wyjazd na \u0142ono natury i mamy nadziej\u0119, \u017ce kapry\u015bna tego roku wrze\u015bniowa pogoda pozwoli nam,\u00a0 na przyjemne sp\u0119dzenie czasu\u00a0 w towarzystwie natury. Zadbajcie jednak o w\u0142a\u015bciwe obuwie i kurteczki dla dzieci.<\/strong><\/span><\/p>\n<p style=\"text-align: center\"><span style=\"font-size: 14pt;color: #000080\"><strong>Nadle\u015bnictwo Oborniki \u015al\u0105skie przygotowa\u0142o dla nas lekcje\u00a0 edukacyjne, kt\u00f3re pomog\u0105\u00a0 dzieciom pozna\u0107 i pokocha\u0107 przyrod\u0119. Spacer,\u00a0 \u015bwie\u017ce powietrze\u00a0 i troch\u0119 zabawy,\u00a0 sprzyja dobremu samopoczuciu.\u00a0<\/strong><\/span><\/p>\n<p style=\"text-align: center\"><span style=\"font-size: 14pt;color: #ff0000\"><strong>Planowany wyjazd 9.15 powr\u00f3t 13.30 wyjazd dla grup II, III, IV\u00a0 prosimy o przygotowanie ma\u0142ego plecaka <\/strong><\/span><\/p>\n<p style=\"text-align: center\"><span style=\"font-size: 14pt;color: #ff0000\"><strong>w nim tylko woda i ma\u0142a przek\u0105ska bez czekolady !\u00a0<\/strong><\/span><\/p>\n<p style=\"text-align: center\"><span style=\"font-size: 14pt;color: #003366\"><strong>Przedszkole\u00a0 zabiera banany, marchewk\u0119 do chrupania i ma\u0142\u0105 kanapk\u0119 z serkiem, wracamy na 2 danie.<\/strong><\/span><\/p>\n<p style=\"text-align: center\"><span style=\"font-size: 14pt;color: #003366\"><strong> Przed wyjazdem jemy \u015bniadanie bez mleka.\u00a0<\/strong><\/span><\/p>\n<p style=\"text-align: center\"><span style=\"font-size: 18pt;color: #008000\"><strong>\u017byczymy wszystkim uczestnikom bezpiecznej podr\u00f3\u017cy i dobrej zabawy!\u00a0\u00a0<\/strong><\/span><\/p>\n","protected":false},"excerpt":{"rendered":"<p>Szanowni Pa\u0144stwo !\u00a0 Zapraszamy\u00a0 dzieci na wycieczk\u0119 zorganizowan\u0105 przez cz\u0142onk\u00f3w RR w dniu\u00a0 24.09.2025 \/ \u015broda\/ Koszty wyjazdu ufundowany ze \u015brodk\u00f3w Rady Rodzic\u00f3w zgromadzonych w ubieg\u0142ym roku szkolnym.\u00a0\u00a0 Nasza wyprawa [&hellip;]<\/p>\n","protected":false},"author":115,"featured_media":11486,"comment_status":"closed","ping_status":"closed","sticky":false,"template":"","format":"standard","meta":{"ngg_post_thumbnail":0,"footnotes":""},"categories":[3],"tags":[],"class_list":["post-12755","post","type-post","status-publish","format-standard","has-post-thumbnail","hentry","category-aktualnosci","clearfix"],"_links":{"self":[{"href":"https:\/\/przedszkole18.edu.wroclaw.pl\/index.php\/wp-json\/wp\/v2\/posts\/12755","targetHints":{"allow":["GET"]}}],"collection":[{"href":"https:\/\/przedszkole18.edu.wroclaw.pl\/index.php\/wp-json\/wp\/v2\/posts"}],"about":[{"href":"https:\/\/przedszkole18.edu.wroclaw.pl\/index.php\/wp-json\/wp\/v2\/types\/post"}],"author":[{"embeddable":true,"href":"https:\/\/przedszkole18.edu.wroclaw.pl\/index.php\/wp-json\/wp\/v2\/users\/115"}],"replies":[{"embeddable":true,"href":"https:\/\/przedszkole18.edu.wroclaw.pl\/index.php\/wp-json\/wp\/v2\/comments?post=12755"}],"version-history":[{"count":1,"href":"https:\/\/przedszkole18.edu.wroclaw.pl\/index.php\/wp-json\/wp\/v2\/posts\/12755\/revisions"}],"predecessor-version":[{"id":12756,"href":"https:\/\/przedszkole18.edu.wroclaw.pl\/index.php\/wp-json\/wp\/v2\/posts\/12755\/revisions\/12756"}],"wp:featuredmedia":[{"embeddable":true,"href":"https:\/\/przedszkole18.edu.wroclaw.pl\/index.php\/wp-json\/wp\/v2\/media\/11486"}],"wp:attachment":[{"href":"https:\/\/przedszkole18.edu.wroclaw.pl\/index.php\/wp-json\/wp\/v2\/media?parent=12755"}],"wp:term":[{"taxonomy":"category","embeddable":true,"href":"https:\/\/przedszkole18.edu.wroclaw.pl\/index.php\/wp-json\/wp\/v2\/categories?post=12755"},{"taxonomy":"post_tag","embeddable":true,"href":"https:\/\/przedszkole18.edu.wroclaw.pl\/index.php\/wp-json\/wp\/v2\/tags?post=12755"}],"curies":[{"name":"wp","href":"https:\/\/api.w.org\/{rel}","templated":true}]}}