
{"id":12800,"date":"2025-10-14T13:36:00","date_gmt":"2025-10-14T11:36:00","guid":{"rendered":"https:\/\/przedszkole18.edu.wroclaw.pl\/?p=12800"},"modified":"2025-10-14T13:36:00","modified_gmt":"2025-10-14T11:36:00","slug":"dzien-edukacji-narodowej-2","status":"publish","type":"post","link":"https:\/\/przedszkole18.edu.wroclaw.pl\/index.php\/2025\/10\/14\/dzien-edukacji-narodowej-2\/","title":{"rendered":"Dzie\u0144 Edukacji Narodowej"},"content":{"rendered":"<p><span style=\"font-size: 14pt;color: #000080\"><em><strong>Drodzy Rodzice !<\/strong><\/em><\/span><\/p>\n<p><span style=\"font-size: 14pt;color: #000080\"><em><strong>W imieniu swoim i wszystkich pracownik\u00f3w plac\u00f3wki,\u00a0 dzi\u0119kuj\u0119 za wszystkie ciep\u0142e s\u0142owa\u00a0 jakimi nas obdarzacie. Ka\u017cdy u\u015bmiech i cho\u0107by drobny gest podzi\u0119ki,\u00a0 to wiatr w skrzyd\u0142a i wiara w sens tego co robimy.\u00a0 Dzi\u0119kujemy Wam bardzo !\u00a0<\/strong><\/em><\/span><\/p>\n<p><span style=\"font-size: 14pt;color: #000080\"><em><strong>Moim kole\u017cankom i kolegom dzi\u0119kuj\u0119, za codzienne wsparcie i zaanga\u017cowanie, codzienn\u0105 prac\u0119 by przedszkole,\u00a0 kojarzy\u0142o si\u0119 wszystkim z ciep\u0142em i bezpiecze\u0144stwem. <\/strong><\/em><\/span><\/p>\n<p><span style=\"font-size: 14pt;color: #000080\"><em><strong>Bardzo dzi\u0119kuj\u0119 i \u017cycz\u0119 wszystkim\u00a0 du\u017co zdrowia i zadowolenia w \u017cyciu prywatnym i zawodowym. <\/strong><span style=\"color: #333399;font-size: 12pt\">Dyrektor plac\u00f3wki Lidia Walczak-I\u017cycka\u00a0<\/span><\/em><\/span><\/p>\n","protected":false},"excerpt":{"rendered":"<p>Drodzy Rodzice ! W imieniu swoim i wszystkich pracownik\u00f3w plac\u00f3wki,\u00a0 dzi\u0119kuj\u0119 za wszystkie ciep\u0142e s\u0142owa\u00a0 jakimi nas obdarzacie. Ka\u017cdy u\u015bmiech i cho\u0107by drobny gest podzi\u0119ki,\u00a0 to wiatr w skrzyd\u0142a i [&hellip;]<\/p>\n","protected":false},"author":115,"featured_media":10778,"comment_status":"closed","ping_status":"closed","sticky":false,"template":"","format":"standard","meta":{"ngg_post_thumbnail":0,"footnotes":""},"categories":[3],"tags":[],"class_list":["post-12800","post","type-post","status-publish","format-standard","has-post-thumbnail","hentry","category-aktualnosci","clearfix"],"_links":{"self":[{"href":"https:\/\/przedszkole18.edu.wroclaw.pl\/index.php\/wp-json\/wp\/v2\/posts\/12800","targetHints":{"allow":["GET"]}}],"collection":[{"href":"https:\/\/przedszkole18.edu.wroclaw.pl\/index.php\/wp-json\/wp\/v2\/posts"}],"about":[{"href":"https:\/\/przedszkole18.edu.wroclaw.pl\/index.php\/wp-json\/wp\/v2\/types\/post"}],"author":[{"embeddable":true,"href":"https:\/\/przedszkole18.edu.wroclaw.pl\/index.php\/wp-json\/wp\/v2\/users\/115"}],"replies":[{"embeddable":true,"href":"https:\/\/przedszkole18.edu.wroclaw.pl\/index.php\/wp-json\/wp\/v2\/comments?post=12800"}],"version-history":[{"count":1,"href":"https:\/\/przedszkole18.edu.wroclaw.pl\/index.php\/wp-json\/wp\/v2\/posts\/12800\/revisions"}],"predecessor-version":[{"id":12801,"href":"https:\/\/przedszkole18.edu.wroclaw.pl\/index.php\/wp-json\/wp\/v2\/posts\/12800\/revisions\/12801"}],"wp:featuredmedia":[{"embeddable":true,"href":"https:\/\/przedszkole18.edu.wroclaw.pl\/index.php\/wp-json\/wp\/v2\/media\/10778"}],"wp:attachment":[{"href":"https:\/\/przedszkole18.edu.wroclaw.pl\/index.php\/wp-json\/wp\/v2\/media?parent=12800"}],"wp:term":[{"taxonomy":"category","embeddable":true,"href":"https:\/\/przedszkole18.edu.wroclaw.pl\/index.php\/wp-json\/wp\/v2\/categories?post=12800"},{"taxonomy":"post_tag","embeddable":true,"href":"https:\/\/przedszkole18.edu.wroclaw.pl\/index.php\/wp-json\/wp\/v2\/tags?post=12800"}],"curies":[{"name":"wp","href":"https:\/\/api.w.org\/{rel}","templated":true}]}}