
{"id":12819,"date":"2025-10-14T16:56:07","date_gmt":"2025-10-14T14:56:07","guid":{"rendered":"https:\/\/przedszkole18.edu.wroclaw.pl\/?p=12819"},"modified":"2025-10-14T16:57:30","modified_gmt":"2025-10-14T14:57:30","slug":"informacje-2","status":"publish","type":"post","link":"https:\/\/przedszkole18.edu.wroclaw.pl\/index.php\/2025\/10\/14\/informacje-2\/","title":{"rendered":"Informacje."},"content":{"rendered":"<p><span style=\"font-size: 14pt;color: #008000\"><em><strong>Szanowni Pa\u0144stwo!<\/strong><\/em><\/span><\/p>\n<p><span style=\"font-size: 14pt;color: #008000\"><em><strong>Kilka informacji bie\u017c\u0105cych:<\/strong><\/em><\/span><\/p>\n<p><span style=\"color: #008000\"><em><span style=\"font-size: 14pt\">1.\u00a0 16 pa\u017adziernika \/czwartek\/\u00a0 grupy II,III wychodz\u0105 na wycieczki 9.00-11.30 wychodz\u0105 po \u015bniadaniu i wracaj\u0105 na zup\u0119 z deserem.<\/span><\/em><\/span><\/p>\n<p><span style=\"color: #008000\"><em><span style=\"font-size: 14pt\">2. W dniach 20-24 pa\u017adziernika, rodzinny konkurs plastyczny, kt\u00f3ry sta\u0142 si\u0119 ju\u017c nasz\u0105 tradycj\u0105 &#8222;Dyniowe cudaki&#8221; zapraszamy wszystkich do wsp\u00f3lnego tworzenia i zabawy.\u00a0<\/span><\/em><\/span><\/p>\n<p><span style=\"color: #008000\"><em><span style=\"font-size: 14pt\">3. 23 pa\u017adziernika &#8211; \u015bwi\u0105teczna sesja zdj\u0119ciowa dla wszystkich ch\u0119tnych przedszkolak\u00f3w. Dlaczego tak wcze\u015bnie? Bo trzeba aby\u015bcie mieli czas na wyb\u00f3r zdj\u0119\u0107, kt\u00f3re chcecie kupi\u0107 i oczywi\u015bcie trzeba je wywo\u0142a\u0107 by mog\u0142y sta\u0107 si\u0119 te\u017c prezentem dla rodziny na czas Miko\u0142aja.\u00a0<\/span><\/em><\/span><\/p>\n<p><span style=\"color: #008000\"><em><span style=\"font-size: 14pt\">4. 28 pa\u017adziernika planujemy Kiermasz jesiennych przysmak\u00f3w 'Witaminki dla ch\u0142opczyka i dziewczynki&#8221; ka\u017cda grupa przygotuje ze swoimi Paniami przysmaki, kt\u00f3re b\u0119dzie mo\u017cna zakupi\u0107 w naszej jesiennej kawiarence &#8211; doch\u00f3d zasili bud\u017cet Rady Rodzic\u00f3w.<\/span><\/em><\/span><\/p>\n<p style=\"text-align: left\"><strong><em><span style=\"font-size: 14pt;color: #800080\">W ZAK\u0141ADCE NA STRONIE INTERNETOWEJ\u00a0 &#8211; DLA RODZIC\u00d3W &#8211; DOKUMENTY<\/span><\/em><\/strong><\/p>\n<p><em><span style=\"font-size: 14pt;color: #800080\">Znajdziecie Pa\u0144stwo kalendarz zada\u0144, imprez i uroczysto\u015bci przedszkolnych planowany w bie\u017c\u0105cym roku szkolnym.\u00a0<\/span><\/em><\/p>\n<p><em><span style=\"font-size: 14pt;color: #800080\">Pomoc psychologiczno &#8211; pedagogiczna,\u00a0 nowe wiadomo\u015bci i harmonogramy zwi\u0105zane z prac\u0105 logopedy i psychologa.\u00a0\u00a0<\/span><\/em><\/p>\n","protected":false},"excerpt":{"rendered":"<p>Szanowni Pa\u0144stwo! Kilka informacji bie\u017c\u0105cych: 1.\u00a0 16 pa\u017adziernika \/czwartek\/\u00a0 grupy II,III wychodz\u0105 na wycieczki 9.00-11.30 wychodz\u0105 po \u015bniadaniu i wracaj\u0105 na zup\u0119 z deserem. 2. W dniach 20-24 pa\u017adziernika, rodzinny [&hellip;]<\/p>\n","protected":false},"author":115,"featured_media":11486,"comment_status":"closed","ping_status":"closed","sticky":false,"template":"","format":"standard","meta":{"ngg_post_thumbnail":0,"footnotes":""},"categories":[3],"tags":[],"class_list":["post-12819","post","type-post","status-publish","format-standard","has-post-thumbnail","hentry","category-aktualnosci","clearfix"],"_links":{"self":[{"href":"https:\/\/przedszkole18.edu.wroclaw.pl\/index.php\/wp-json\/wp\/v2\/posts\/12819","targetHints":{"allow":["GET"]}}],"collection":[{"href":"https:\/\/przedszkole18.edu.wroclaw.pl\/index.php\/wp-json\/wp\/v2\/posts"}],"about":[{"href":"https:\/\/przedszkole18.edu.wroclaw.pl\/index.php\/wp-json\/wp\/v2\/types\/post"}],"author":[{"embeddable":true,"href":"https:\/\/przedszkole18.edu.wroclaw.pl\/index.php\/wp-json\/wp\/v2\/users\/115"}],"replies":[{"embeddable":true,"href":"https:\/\/przedszkole18.edu.wroclaw.pl\/index.php\/wp-json\/wp\/v2\/comments?post=12819"}],"version-history":[{"count":1,"href":"https:\/\/przedszkole18.edu.wroclaw.pl\/index.php\/wp-json\/wp\/v2\/posts\/12819\/revisions"}],"predecessor-version":[{"id":12820,"href":"https:\/\/przedszkole18.edu.wroclaw.pl\/index.php\/wp-json\/wp\/v2\/posts\/12819\/revisions\/12820"}],"wp:featuredmedia":[{"embeddable":true,"href":"https:\/\/przedszkole18.edu.wroclaw.pl\/index.php\/wp-json\/wp\/v2\/media\/11486"}],"wp:attachment":[{"href":"https:\/\/przedszkole18.edu.wroclaw.pl\/index.php\/wp-json\/wp\/v2\/media?parent=12819"}],"wp:term":[{"taxonomy":"category","embeddable":true,"href":"https:\/\/przedszkole18.edu.wroclaw.pl\/index.php\/wp-json\/wp\/v2\/categories?post=12819"},{"taxonomy":"post_tag","embeddable":true,"href":"https:\/\/przedszkole18.edu.wroclaw.pl\/index.php\/wp-json\/wp\/v2\/tags?post=12819"}],"curies":[{"name":"wp","href":"https:\/\/api.w.org\/{rel}","templated":true}]}}