
{"id":12835,"date":"2025-10-19T22:49:36","date_gmt":"2025-10-19T20:49:36","guid":{"rendered":"https:\/\/przedszkole18.edu.wroclaw.pl\/?p=12835"},"modified":"2025-10-19T22:49:58","modified_gmt":"2025-10-19T20:49:58","slug":"konkurs-dyniowe-cudaki-3","status":"publish","type":"post","link":"https:\/\/przedszkole18.edu.wroclaw.pl\/index.php\/2025\/10\/19\/konkurs-dyniowe-cudaki-3\/","title":{"rendered":"Konkurs &#8222;Dyniowe cudaki&#8221;"},"content":{"rendered":"<p style=\"text-align: center\">Gor\u0105co zach\u0119camy Dzieci i Rodzic\u00f3w do przygotowania pomys\u0142owej, weso\u0142ej jesiennej dyni.<\/p>\n<p style=\"text-align: center\">Prace z do\u0142\u0105czon\u0105 metryczk\u0105 (imi\u0119 dziecka, grupa) prosimy przynosi\u0107 do grupy<strong> II w dniach 20-24.10<\/strong>.<br \/>\nRozstrzygni\u0119cie konkursu <strong>28.10.2025<\/strong>.<\/p>\n<p style=\"text-align: center\"><strong>\u017byczymy wielu inspiracji i dobrej, wsp\u00f3lnej zabawy!<\/strong><\/p>\n<p style=\"text-align: center\">\n","protected":false},"excerpt":{"rendered":"<p>Gor\u0105co zach\u0119camy Dzieci i Rodzic\u00f3w do przygotowania pomys\u0142owej, weso\u0142ej jesiennej dyni. Prace z do\u0142\u0105czon\u0105 metryczk\u0105 (imi\u0119 dziecka, grupa) prosimy przynosi\u0107 do grupy II w dniach 20-24.10. Rozstrzygni\u0119cie konkursu 28.10.2025. \u017byczymy [&hellip;]<\/p>\n","protected":false},"author":105,"featured_media":12836,"comment_status":"closed","ping_status":"closed","sticky":false,"template":"","format":"standard","meta":{"ngg_post_thumbnail":0,"footnotes":""},"categories":[3],"tags":[],"class_list":["post-12835","post","type-post","status-publish","format-standard","has-post-thumbnail","hentry","category-aktualnosci","clearfix"],"_links":{"self":[{"href":"https:\/\/przedszkole18.edu.wroclaw.pl\/index.php\/wp-json\/wp\/v2\/posts\/12835","targetHints":{"allow":["GET"]}}],"collection":[{"href":"https:\/\/przedszkole18.edu.wroclaw.pl\/index.php\/wp-json\/wp\/v2\/posts"}],"about":[{"href":"https:\/\/przedszkole18.edu.wroclaw.pl\/index.php\/wp-json\/wp\/v2\/types\/post"}],"author":[{"embeddable":true,"href":"https:\/\/przedszkole18.edu.wroclaw.pl\/index.php\/wp-json\/wp\/v2\/users\/105"}],"replies":[{"embeddable":true,"href":"https:\/\/przedszkole18.edu.wroclaw.pl\/index.php\/wp-json\/wp\/v2\/comments?post=12835"}],"version-history":[{"count":3,"href":"https:\/\/przedszkole18.edu.wroclaw.pl\/index.php\/wp-json\/wp\/v2\/posts\/12835\/revisions"}],"predecessor-version":[{"id":12838,"href":"https:\/\/przedszkole18.edu.wroclaw.pl\/index.php\/wp-json\/wp\/v2\/posts\/12835\/revisions\/12838"}],"wp:featuredmedia":[{"embeddable":true,"href":"https:\/\/przedszkole18.edu.wroclaw.pl\/index.php\/wp-json\/wp\/v2\/media\/12836"}],"wp:attachment":[{"href":"https:\/\/przedszkole18.edu.wroclaw.pl\/index.php\/wp-json\/wp\/v2\/media?parent=12835"}],"wp:term":[{"taxonomy":"category","embeddable":true,"href":"https:\/\/przedszkole18.edu.wroclaw.pl\/index.php\/wp-json\/wp\/v2\/categories?post=12835"},{"taxonomy":"post_tag","embeddable":true,"href":"https:\/\/przedszkole18.edu.wroclaw.pl\/index.php\/wp-json\/wp\/v2\/tags?post=12835"}],"curies":[{"name":"wp","href":"https:\/\/api.w.org\/{rel}","templated":true}]}}