
{"id":12896,"date":"2025-10-29T13:51:34","date_gmt":"2025-10-29T12:51:34","guid":{"rendered":"https:\/\/przedszkole18.edu.wroclaw.pl\/?p=12896"},"modified":"2025-10-29T13:55:22","modified_gmt":"2025-10-29T12:55:22","slug":"jesienny-kiermasz","status":"publish","type":"post","link":"https:\/\/przedszkole18.edu.wroclaw.pl\/index.php\/2025\/10\/29\/jesienny-kiermasz\/","title":{"rendered":"Jesienny kiermasz."},"content":{"rendered":"<p><span style=\"color: #008080\"><em><strong><span style=\"font-size: 14pt\">Kochani rodzice!\u00a0<\/span><\/strong><\/em><\/span><\/p>\n<p><span style=\"color: #008000\"><em><strong><span style=\"font-size: 14pt\">Ogromne podzi\u0119kowania dla wszystkich Pa\u0144stwa. Wasz wk\u0142ad w nasze akcje,\u00a0 \u00a0to du\u017cy sukces i ogromna rado\u015b\u0107. Dzi\u0119kuj\u0119\u00a0 wszystkim, kt\u00f3rych ciasta, bu\u0142eczki i ciasteczka\u00a0 mogli\u015bmy skosztowa\u0107 i jednocze\u015bnie zachwyci\u0107 siebie i innych.\u00a0 \u00a0<\/span><\/strong><\/em><\/span><\/p>\n<p><span style=\"color: #008000\"><em><strong><span style=\"font-size: 14pt\">Bardzo dzi\u0119kuj\u0119 moim kole\u017cankom za przygotowanie pi\u0119knej oprawy dla Jesiennego kiermaszu, dyplom\u00f3w za dyniowe cudaczki,\u00a0 \u00a0jak zawsze wiem, \u017ce mog\u0119 na Was liczy\u0107. Dzi\u0119kuj\u0119 bardzo.\u00a0 \u00a0 \u00a0<\/span><\/strong><\/em><\/span><\/p>\n<p><span style=\"color: #008000\"><em><strong><span style=\"font-size: 14pt\"> Kiermasz pod has\u0142em &#8222;Witaminki dla ch\u0142opczyka i dziewczynki, &#8221;\u00a0 to te\u017c dobry przyk\u0142ad dla naszych wychowank\u00f3w, \u017ce mo\u017cna, a nawet trzeba je\u015b\u0107 zdrowe, warzywa i owoce nie gryz\u0105.\u00a0 Mo\u017ce to te\u017c podpowied\u017a dla Pa\u0144stwa,\u00a0 aby wsp\u00f3lnie z dzie\u0107mi przygotowa\u0107 w domu smaczne i zdrowe przek\u0105ski. Zach\u0119camy do takich wsp\u00f3lnych zabaw kulinarnych.\u00a0<\/span> <\/strong><\/em>\u00a0<\/span><\/p>\n<p><span style=\"color: #333399\"><em><strong><span style=\"font-size: 14pt;color: #008080\">Serdecznie wszystkich pozdrawiam i jeszcze raz bardzo\u00a0 dzi\u0119kuje.<\/span><\/strong>\u00a0 Dyrektor plac\u00f3wki Lidia Walczak-I\u017cycka\u00a0<\/em><\/span><\/p>\n<p><img loading=\"lazy\" decoding=\"async\" class=\"alignnone size-medium wp-image-12876\" src=\"https:\/\/przedszkole18.edu.wroclaw.pl\/wp-content\/uploads\/sites\/36\/2025\/10\/IMG_7250-225x300.jpeg\" alt=\"\" width=\"225\" height=\"300\" srcset=\"https:\/\/przedszkole18.edu.wroclaw.pl\/wp-content\/uploads\/sites\/36\/2025\/10\/IMG_7250-225x300.jpeg 225w, https:\/\/przedszkole18.edu.wroclaw.pl\/wp-content\/uploads\/sites\/36\/2025\/10\/IMG_7250-768x1024.jpeg 768w, https:\/\/przedszkole18.edu.wroclaw.pl\/wp-content\/uploads\/sites\/36\/2025\/10\/IMG_7250-1152x1536.jpeg 1152w, https:\/\/przedszkole18.edu.wroclaw.pl\/wp-content\/uploads\/sites\/36\/2025\/10\/IMG_7250-1536x2048.jpeg 1536w, https:\/\/przedszkole18.edu.wroclaw.pl\/wp-content\/uploads\/sites\/36\/2025\/10\/IMG_7250-scaled.jpeg 1920w\" sizes=\"auto, (max-width: 225px) 100vw, 225px\" \/><img loading=\"lazy\" decoding=\"async\" class=\"alignnone size-medium wp-image-12878\" src=\"https:\/\/przedszkole18.edu.wroclaw.pl\/wp-content\/uploads\/sites\/36\/2025\/10\/IMG_7253-225x300.jpeg\" alt=\"\" width=\"225\" height=\"300\" srcset=\"https:\/\/przedszkole18.edu.wroclaw.pl\/wp-content\/uploads\/sites\/36\/2025\/10\/IMG_7253-225x300.jpeg 225w, https:\/\/przedszkole18.edu.wroclaw.pl\/wp-content\/uploads\/sites\/36\/2025\/10\/IMG_7253-768x1024.jpeg 768w, https:\/\/przedszkole18.edu.wroclaw.pl\/wp-content\/uploads\/sites\/36\/2025\/10\/IMG_7253-1152x1536.jpeg 1152w, https:\/\/przedszkole18.edu.wroclaw.pl\/wp-content\/uploads\/sites\/36\/2025\/10\/IMG_7253-1536x2048.jpeg 1536w, https:\/\/przedszkole18.edu.wroclaw.pl\/wp-content\/uploads\/sites\/36\/2025\/10\/IMG_7253-scaled.jpeg 1920w\" sizes=\"auto, (max-width: 225px) 100vw, 225px\" \/><img loading=\"lazy\" decoding=\"async\" class=\"alignnone size-medium wp-image-12877\" src=\"https:\/\/przedszkole18.edu.wroclaw.pl\/wp-content\/uploads\/sites\/36\/2025\/10\/IMG_7252-225x300.jpeg\" alt=\"\" width=\"225\" height=\"300\" srcset=\"https:\/\/przedszkole18.edu.wroclaw.pl\/wp-content\/uploads\/sites\/36\/2025\/10\/IMG_7252-225x300.jpeg 225w, https:\/\/przedszkole18.edu.wroclaw.pl\/wp-content\/uploads\/sites\/36\/2025\/10\/IMG_7252-768x1024.jpeg 768w, https:\/\/przedszkole18.edu.wroclaw.pl\/wp-content\/uploads\/sites\/36\/2025\/10\/IMG_7252-1152x1536.jpeg 1152w, https:\/\/przedszkole18.edu.wroclaw.pl\/wp-content\/uploads\/sites\/36\/2025\/10\/IMG_7252-1536x2048.jpeg 1536w, https:\/\/przedszkole18.edu.wroclaw.pl\/wp-content\/uploads\/sites\/36\/2025\/10\/IMG_7252-scaled.jpeg 1920w\" sizes=\"auto, (max-width: 225px) 100vw, 225px\" \/><img loading=\"lazy\" decoding=\"async\" class=\"alignnone size-medium wp-image-12875\" src=\"https:\/\/przedszkole18.edu.wroclaw.pl\/wp-content\/uploads\/sites\/36\/2025\/10\/IMG_7249-225x300.jpeg\" alt=\"\" width=\"225\" height=\"300\" srcset=\"https:\/\/przedszkole18.edu.wroclaw.pl\/wp-content\/uploads\/sites\/36\/2025\/10\/IMG_7249-225x300.jpeg 225w, https:\/\/przedszkole18.edu.wroclaw.pl\/wp-content\/uploads\/sites\/36\/2025\/10\/IMG_7249-768x1024.jpeg 768w, https:\/\/przedszkole18.edu.wroclaw.pl\/wp-content\/uploads\/sites\/36\/2025\/10\/IMG_7249-1152x1536.jpeg 1152w, https:\/\/przedszkole18.edu.wroclaw.pl\/wp-content\/uploads\/sites\/36\/2025\/10\/IMG_7249-1536x2048.jpeg 1536w, https:\/\/przedszkole18.edu.wroclaw.pl\/wp-content\/uploads\/sites\/36\/2025\/10\/IMG_7249-scaled.jpeg 1920w\" sizes=\"auto, (max-width: 225px) 100vw, 225px\" \/><img loading=\"lazy\" decoding=\"async\" class=\"alignnone size-medium wp-image-12872\" src=\"https:\/\/przedszkole18.edu.wroclaw.pl\/wp-content\/uploads\/sites\/36\/2025\/10\/IMG_7246-225x300.jpeg\" alt=\"\" width=\"225\" height=\"300\" srcset=\"https:\/\/przedszkole18.edu.wroclaw.pl\/wp-content\/uploads\/sites\/36\/2025\/10\/IMG_7246-225x300.jpeg 225w, https:\/\/przedszkole18.edu.wroclaw.pl\/wp-content\/uploads\/sites\/36\/2025\/10\/IMG_7246-768x1024.jpeg 768w, https:\/\/przedszkole18.edu.wroclaw.pl\/wp-content\/uploads\/sites\/36\/2025\/10\/IMG_7246-1152x1536.jpeg 1152w, https:\/\/przedszkole18.edu.wroclaw.pl\/wp-content\/uploads\/sites\/36\/2025\/10\/IMG_7246-1536x2048.jpeg 1536w, https:\/\/przedszkole18.edu.wroclaw.pl\/wp-content\/uploads\/sites\/36\/2025\/10\/IMG_7246-scaled.jpeg 1920w\" sizes=\"auto, (max-width: 225px) 100vw, 225px\" \/><img loading=\"lazy\" decoding=\"async\" class=\"alignnone size-medium wp-image-12871\" src=\"https:\/\/przedszkole18.edu.wroclaw.pl\/wp-content\/uploads\/sites\/36\/2025\/10\/IMG_7245-225x300.jpeg\" alt=\"\" width=\"225\" height=\"300\" srcset=\"https:\/\/przedszkole18.edu.wroclaw.pl\/wp-content\/uploads\/sites\/36\/2025\/10\/IMG_7245-225x300.jpeg 225w, https:\/\/przedszkole18.edu.wroclaw.pl\/wp-content\/uploads\/sites\/36\/2025\/10\/IMG_7245-768x1024.jpeg 768w, https:\/\/przedszkole18.edu.wroclaw.pl\/wp-content\/uploads\/sites\/36\/2025\/10\/IMG_7245-1152x1536.jpeg 1152w, https:\/\/przedszkole18.edu.wroclaw.pl\/wp-content\/uploads\/sites\/36\/2025\/10\/IMG_7245-1536x2048.jpeg 1536w, https:\/\/przedszkole18.edu.wroclaw.pl\/wp-content\/uploads\/sites\/36\/2025\/10\/IMG_7245-scaled.jpeg 1920w\" sizes=\"auto, (max-width: 225px) 100vw, 225px\" \/><img loading=\"lazy\" decoding=\"async\" class=\"alignnone size-medium wp-image-12890\" src=\"https:\/\/przedszkole18.edu.wroclaw.pl\/wp-content\/uploads\/sites\/36\/2025\/10\/1000023151-225x300.jpg\" alt=\"\" width=\"225\" height=\"300\" srcset=\"https:\/\/przedszkole18.edu.wroclaw.pl\/wp-content\/uploads\/sites\/36\/2025\/10\/1000023151-225x300.jpg 225w, https:\/\/przedszkole18.edu.wroclaw.pl\/wp-content\/uploads\/sites\/36\/2025\/10\/1000023151-768x1024.jpg 768w, https:\/\/przedszkole18.edu.wroclaw.pl\/wp-content\/uploads\/sites\/36\/2025\/10\/1000023151-1152x1536.jpg 1152w, https:\/\/przedszkole18.edu.wroclaw.pl\/wp-content\/uploads\/sites\/36\/2025\/10\/1000023151.jpg 1200w\" sizes=\"auto, (max-width: 225px) 100vw, 225px\" \/><img loading=\"lazy\" decoding=\"async\" class=\"alignnone size-medium wp-image-12874\" src=\"https:\/\/przedszkole18.edu.wroclaw.pl\/wp-content\/uploads\/sites\/36\/2025\/10\/IMG_7248-225x300.jpeg\" alt=\"\" width=\"225\" height=\"300\" srcset=\"https:\/\/przedszkole18.edu.wroclaw.pl\/wp-content\/uploads\/sites\/36\/2025\/10\/IMG_7248-225x300.jpeg 225w, https:\/\/przedszkole18.edu.wroclaw.pl\/wp-content\/uploads\/sites\/36\/2025\/10\/IMG_7248-768x1024.jpeg 768w, https:\/\/przedszkole18.edu.wroclaw.pl\/wp-content\/uploads\/sites\/36\/2025\/10\/IMG_7248-1152x1536.jpeg 1152w, https:\/\/przedszkole18.edu.wroclaw.pl\/wp-content\/uploads\/sites\/36\/2025\/10\/IMG_7248-1536x2048.jpeg 1536w, https:\/\/przedszkole18.edu.wroclaw.pl\/wp-content\/uploads\/sites\/36\/2025\/10\/IMG_7248-scaled.jpeg 1920w\" sizes=\"auto, (max-width: 225px) 100vw, 225px\" \/><img loading=\"lazy\" decoding=\"async\" class=\"alignnone size-medium wp-image-12882\" src=\"https:\/\/przedszkole18.edu.wroclaw.pl\/wp-content\/uploads\/sites\/36\/2025\/10\/IMG_7255-1-225x300.jpeg\" alt=\"\" width=\"225\" height=\"300\" srcset=\"https:\/\/przedszkole18.edu.wroclaw.pl\/wp-content\/uploads\/sites\/36\/2025\/10\/IMG_7255-1-225x300.jpeg 225w, https:\/\/przedszkole18.edu.wroclaw.pl\/wp-content\/uploads\/sites\/36\/2025\/10\/IMG_7255-1-768x1024.jpeg 768w, https:\/\/przedszkole18.edu.wroclaw.pl\/wp-content\/uploads\/sites\/36\/2025\/10\/IMG_7255-1-1152x1536.jpeg 1152w, https:\/\/przedszkole18.edu.wroclaw.pl\/wp-content\/uploads\/sites\/36\/2025\/10\/IMG_7255-1-1536x2048.jpeg 1536w, https:\/\/przedszkole18.edu.wroclaw.pl\/wp-content\/uploads\/sites\/36\/2025\/10\/IMG_7255-1-scaled.jpeg 1920w\" sizes=\"auto, (max-width: 225px) 100vw, 225px\" \/><img loading=\"lazy\" decoding=\"async\" class=\"alignnone size-medium wp-image-12879\" src=\"https:\/\/przedszkole18.edu.wroclaw.pl\/wp-content\/uploads\/sites\/36\/2025\/10\/IMG_7254-225x300.jpeg\" alt=\"\" width=\"225\" height=\"300\" srcset=\"https:\/\/przedszkole18.edu.wroclaw.pl\/wp-content\/uploads\/sites\/36\/2025\/10\/IMG_7254-225x300.jpeg 225w, https:\/\/przedszkole18.edu.wroclaw.pl\/wp-content\/uploads\/sites\/36\/2025\/10\/IMG_7254-768x1024.jpeg 768w, https:\/\/przedszkole18.edu.wroclaw.pl\/wp-content\/uploads\/sites\/36\/2025\/10\/IMG_7254-1152x1536.jpeg 1152w, https:\/\/przedszkole18.edu.wroclaw.pl\/wp-content\/uploads\/sites\/36\/2025\/10\/IMG_7254-1536x2048.jpeg 1536w, https:\/\/przedszkole18.edu.wroclaw.pl\/wp-content\/uploads\/sites\/36\/2025\/10\/IMG_7254-scaled.jpeg 1920w\" sizes=\"auto, (max-width: 225px) 100vw, 225px\" \/><img loading=\"lazy\" decoding=\"async\" class=\"alignnone size-medium wp-image-12870\" src=\"https:\/\/przedszkole18.edu.wroclaw.pl\/wp-content\/uploads\/sites\/36\/2025\/10\/IMG_7244-225x300.jpeg\" alt=\"\" width=\"225\" height=\"300\" srcset=\"https:\/\/przedszkole18.edu.wroclaw.pl\/wp-content\/uploads\/sites\/36\/2025\/10\/IMG_7244-225x300.jpeg 225w, https:\/\/przedszkole18.edu.wroclaw.pl\/wp-content\/uploads\/sites\/36\/2025\/10\/IMG_7244-768x1024.jpeg 768w, https:\/\/przedszkole18.edu.wroclaw.pl\/wp-content\/uploads\/sites\/36\/2025\/10\/IMG_7244-1152x1536.jpeg 1152w, https:\/\/przedszkole18.edu.wroclaw.pl\/wp-content\/uploads\/sites\/36\/2025\/10\/IMG_7244-1536x2048.jpeg 1536w, https:\/\/przedszkole18.edu.wroclaw.pl\/wp-content\/uploads\/sites\/36\/2025\/10\/IMG_7244-scaled.jpeg 1920w\" sizes=\"auto, (max-width: 225px) 100vw, 225px\" \/><img loading=\"lazy\" decoding=\"async\" class=\"alignnone size-medium wp-image-12881\" src=\"https:\/\/przedszkole18.edu.wroclaw.pl\/wp-content\/uploads\/sites\/36\/2025\/10\/IMG_7256-225x300.jpeg\" alt=\"\" width=\"225\" height=\"300\" srcset=\"https:\/\/przedszkole18.edu.wroclaw.pl\/wp-content\/uploads\/sites\/36\/2025\/10\/IMG_7256-225x300.jpeg 225w, https:\/\/przedszkole18.edu.wroclaw.pl\/wp-content\/uploads\/sites\/36\/2025\/10\/IMG_7256-768x1024.jpeg 768w, https:\/\/przedszkole18.edu.wroclaw.pl\/wp-content\/uploads\/sites\/36\/2025\/10\/IMG_7256-1152x1536.jpeg 1152w, https:\/\/przedszkole18.edu.wroclaw.pl\/wp-content\/uploads\/sites\/36\/2025\/10\/IMG_7256-1536x2048.jpeg 1536w, https:\/\/przedszkole18.edu.wroclaw.pl\/wp-content\/uploads\/sites\/36\/2025\/10\/IMG_7256-scaled.jpeg 1920w\" sizes=\"auto, (max-width: 225px) 100vw, 225px\" \/><\/p>\n","protected":false},"excerpt":{"rendered":"<p>Kochani rodzice!\u00a0 Ogromne podzi\u0119kowania dla wszystkich Pa\u0144stwa. Wasz wk\u0142ad w nasze akcje,\u00a0 \u00a0to du\u017cy sukces i ogromna rado\u015b\u0107. Dzi\u0119kuj\u0119\u00a0 wszystkim, kt\u00f3rych ciasta, bu\u0142eczki i ciasteczka\u00a0 mogli\u015bmy skosztowa\u0107 i jednocze\u015bnie zachwyci\u0107 [&hellip;]<\/p>\n","protected":false},"author":115,"featured_media":12881,"comment_status":"closed","ping_status":"closed","sticky":false,"template":"","format":"standard","meta":{"ngg_post_thumbnail":0,"footnotes":""},"categories":[3],"tags":[],"class_list":["post-12896","post","type-post","status-publish","format-standard","has-post-thumbnail","hentry","category-aktualnosci","clearfix"],"_links":{"self":[{"href":"https:\/\/przedszkole18.edu.wroclaw.pl\/index.php\/wp-json\/wp\/v2\/posts\/12896","targetHints":{"allow":["GET"]}}],"collection":[{"href":"https:\/\/przedszkole18.edu.wroclaw.pl\/index.php\/wp-json\/wp\/v2\/posts"}],"about":[{"href":"https:\/\/przedszkole18.edu.wroclaw.pl\/index.php\/wp-json\/wp\/v2\/types\/post"}],"author":[{"embeddable":true,"href":"https:\/\/przedszkole18.edu.wroclaw.pl\/index.php\/wp-json\/wp\/v2\/users\/115"}],"replies":[{"embeddable":true,"href":"https:\/\/przedszkole18.edu.wroclaw.pl\/index.php\/wp-json\/wp\/v2\/comments?post=12896"}],"version-history":[{"count":3,"href":"https:\/\/przedszkole18.edu.wroclaw.pl\/index.php\/wp-json\/wp\/v2\/posts\/12896\/revisions"}],"predecessor-version":[{"id":12899,"href":"https:\/\/przedszkole18.edu.wroclaw.pl\/index.php\/wp-json\/wp\/v2\/posts\/12896\/revisions\/12899"}],"wp:featuredmedia":[{"embeddable":true,"href":"https:\/\/przedszkole18.edu.wroclaw.pl\/index.php\/wp-json\/wp\/v2\/media\/12881"}],"wp:attachment":[{"href":"https:\/\/przedszkole18.edu.wroclaw.pl\/index.php\/wp-json\/wp\/v2\/media?parent=12896"}],"wp:term":[{"taxonomy":"category","embeddable":true,"href":"https:\/\/przedszkole18.edu.wroclaw.pl\/index.php\/wp-json\/wp\/v2\/categories?post=12896"},{"taxonomy":"post_tag","embeddable":true,"href":"https:\/\/przedszkole18.edu.wroclaw.pl\/index.php\/wp-json\/wp\/v2\/tags?post=12896"}],"curies":[{"name":"wp","href":"https:\/\/api.w.org\/{rel}","templated":true}]}}