
{"id":12900,"date":"2025-10-29T14:15:30","date_gmt":"2025-10-29T13:15:30","guid":{"rendered":"https:\/\/przedszkole18.edu.wroclaw.pl\/?p=12900"},"modified":"2025-10-29T14:17:01","modified_gmt":"2025-10-29T13:17:01","slug":"informacja-12","status":"publish","type":"post","link":"https:\/\/przedszkole18.edu.wroclaw.pl\/index.php\/2025\/10\/29\/informacja-12\/","title":{"rendered":"Informacja."},"content":{"rendered":"<p><span style=\"font-size: 14pt;color: #800080\"><em><strong>Szanowni Pa\u0144stwo!<\/strong><\/em><\/span><\/p>\n<p><span style=\"font-size: 14pt;color: #800080\"><em><strong>Planowane wyj\u015bcie do teatru na Ostrowie Tumskim dla\u00a0 grupy 3 i 4 nie odby\u0142o\u00a0 si\u0119 z uwagi na zdiagnozowany COVID w grupie\u00a0 aktor\u00f3w.\u00a0 Ustalono\u00a0 nowy termin &#8211;\u00a0 3 grudnia,\u00a0 przedstawienie bez zmian &#8222;Plastusiowy pami\u0119tnik.&#8221;Op\u0142acone z funduszy plac\u00f3wki.\u00a0<\/strong><\/em><\/span><\/p>\n<p><span style=\"font-size: 14pt;color: #800080\"><em><strong>Organizator przeprasza , a my \u017cyczymy Wszystkim\u00a0 du\u017co zdrowia.\u00a0<\/strong><\/em><\/span><\/p>\n","protected":false},"excerpt":{"rendered":"<p>Szanowni Pa\u0144stwo! Planowane wyj\u015bcie do teatru na Ostrowie Tumskim dla\u00a0 grupy 3 i 4 nie odby\u0142o\u00a0 si\u0119 z uwagi na zdiagnozowany COVID w grupie\u00a0 aktor\u00f3w.\u00a0 Ustalono\u00a0 nowy termin &#8211;\u00a0 3 [&hellip;]<\/p>\n","protected":false},"author":115,"featured_media":12556,"comment_status":"closed","ping_status":"closed","sticky":false,"template":"","format":"standard","meta":{"ngg_post_thumbnail":0,"footnotes":""},"categories":[3],"tags":[],"class_list":["post-12900","post","type-post","status-publish","format-standard","has-post-thumbnail","hentry","category-aktualnosci","clearfix"],"_links":{"self":[{"href":"https:\/\/przedszkole18.edu.wroclaw.pl\/index.php\/wp-json\/wp\/v2\/posts\/12900","targetHints":{"allow":["GET"]}}],"collection":[{"href":"https:\/\/przedszkole18.edu.wroclaw.pl\/index.php\/wp-json\/wp\/v2\/posts"}],"about":[{"href":"https:\/\/przedszkole18.edu.wroclaw.pl\/index.php\/wp-json\/wp\/v2\/types\/post"}],"author":[{"embeddable":true,"href":"https:\/\/przedszkole18.edu.wroclaw.pl\/index.php\/wp-json\/wp\/v2\/users\/115"}],"replies":[{"embeddable":true,"href":"https:\/\/przedszkole18.edu.wroclaw.pl\/index.php\/wp-json\/wp\/v2\/comments?post=12900"}],"version-history":[{"count":3,"href":"https:\/\/przedszkole18.edu.wroclaw.pl\/index.php\/wp-json\/wp\/v2\/posts\/12900\/revisions"}],"predecessor-version":[{"id":12903,"href":"https:\/\/przedszkole18.edu.wroclaw.pl\/index.php\/wp-json\/wp\/v2\/posts\/12900\/revisions\/12903"}],"wp:featuredmedia":[{"embeddable":true,"href":"https:\/\/przedszkole18.edu.wroclaw.pl\/index.php\/wp-json\/wp\/v2\/media\/12556"}],"wp:attachment":[{"href":"https:\/\/przedszkole18.edu.wroclaw.pl\/index.php\/wp-json\/wp\/v2\/media?parent=12900"}],"wp:term":[{"taxonomy":"category","embeddable":true,"href":"https:\/\/przedszkole18.edu.wroclaw.pl\/index.php\/wp-json\/wp\/v2\/categories?post=12900"},{"taxonomy":"post_tag","embeddable":true,"href":"https:\/\/przedszkole18.edu.wroclaw.pl\/index.php\/wp-json\/wp\/v2\/tags?post=12900"}],"curies":[{"name":"wp","href":"https:\/\/api.w.org\/{rel}","templated":true}]}}