
{"id":12904,"date":"2025-10-29T16:12:49","date_gmt":"2025-10-29T15:12:49","guid":{"rendered":"https:\/\/przedszkole18.edu.wroclaw.pl\/?p=12904"},"modified":"2025-10-29T16:14:26","modified_gmt":"2025-10-29T15:14:26","slug":"zajecia-nfm","status":"publish","type":"post","link":"https:\/\/przedszkole18.edu.wroclaw.pl\/index.php\/2025\/10\/29\/zajecia-nfm\/","title":{"rendered":"Zaj\u0119cia  NFM"},"content":{"rendered":"<p><span style=\"font-size: 14pt;color: #000080\"><em><strong>Szanowni Pa\u0144stwo.<\/strong><\/em><\/span><\/p>\n<p><span style=\"font-size: 14pt;color: #000080\"><em><strong>Promujemy dzia\u0142ania zwi\u0105zane z muzyk\u0105 i ch\u0119tnie popieramy pomys\u0142y i inicjatywy kierowane do rodzic\u00f3w z r\u00f3\u017cnych instytucji kulturalnych. Dzisiaj chcemy Pa\u0144stwa zach\u0119ci\u0107 do udzia\u0142u w zaj\u0119ciach organizowanych przez Narodowe Forum Muzyki we Wroc\u0142awiu. Inicjatywa kierowana do rodzic\u00f3w,\u00a0 dziadk\u00f3w i opiekun\u00f3w dzieci w wieku od 2-9 lat. Link w za\u0142\u0105czeniu. Pozdrawiamy.\u00a0<\/strong><\/em><\/span><\/p>\n<p><a href=\"https:\/\/www.nfm.wroclaw.pl\/edukacja-dla-rodzicow\/chor-rodzinny\">https:\/\/www.nfm.wroclaw.pl\/edukacja-dla-rodzicow\/chor-rodzinny<\/a><\/p>\n","protected":false},"excerpt":{"rendered":"<p>Szanowni Pa\u0144stwo. Promujemy dzia\u0142ania zwi\u0105zane z muzyk\u0105 i ch\u0119tnie popieramy pomys\u0142y i inicjatywy kierowane do rodzic\u00f3w z r\u00f3\u017cnych instytucji kulturalnych. Dzisiaj chcemy Pa\u0144stwa zach\u0119ci\u0107 do udzia\u0142u w zaj\u0119ciach organizowanych przez [&hellip;]<\/p>\n","protected":false},"author":115,"featured_media":11486,"comment_status":"closed","ping_status":"closed","sticky":false,"template":"","format":"standard","meta":{"ngg_post_thumbnail":0,"footnotes":""},"categories":[3],"tags":[],"class_list":["post-12904","post","type-post","status-publish","format-standard","has-post-thumbnail","hentry","category-aktualnosci","clearfix"],"_links":{"self":[{"href":"https:\/\/przedszkole18.edu.wroclaw.pl\/index.php\/wp-json\/wp\/v2\/posts\/12904","targetHints":{"allow":["GET"]}}],"collection":[{"href":"https:\/\/przedszkole18.edu.wroclaw.pl\/index.php\/wp-json\/wp\/v2\/posts"}],"about":[{"href":"https:\/\/przedszkole18.edu.wroclaw.pl\/index.php\/wp-json\/wp\/v2\/types\/post"}],"author":[{"embeddable":true,"href":"https:\/\/przedszkole18.edu.wroclaw.pl\/index.php\/wp-json\/wp\/v2\/users\/115"}],"replies":[{"embeddable":true,"href":"https:\/\/przedszkole18.edu.wroclaw.pl\/index.php\/wp-json\/wp\/v2\/comments?post=12904"}],"version-history":[{"count":2,"href":"https:\/\/przedszkole18.edu.wroclaw.pl\/index.php\/wp-json\/wp\/v2\/posts\/12904\/revisions"}],"predecessor-version":[{"id":12906,"href":"https:\/\/przedszkole18.edu.wroclaw.pl\/index.php\/wp-json\/wp\/v2\/posts\/12904\/revisions\/12906"}],"wp:featuredmedia":[{"embeddable":true,"href":"https:\/\/przedszkole18.edu.wroclaw.pl\/index.php\/wp-json\/wp\/v2\/media\/11486"}],"wp:attachment":[{"href":"https:\/\/przedszkole18.edu.wroclaw.pl\/index.php\/wp-json\/wp\/v2\/media?parent=12904"}],"wp:term":[{"taxonomy":"category","embeddable":true,"href":"https:\/\/przedszkole18.edu.wroclaw.pl\/index.php\/wp-json\/wp\/v2\/categories?post=12904"},{"taxonomy":"post_tag","embeddable":true,"href":"https:\/\/przedszkole18.edu.wroclaw.pl\/index.php\/wp-json\/wp\/v2\/tags?post=12904"}],"curies":[{"name":"wp","href":"https:\/\/api.w.org\/{rel}","templated":true}]}}