
{"id":12934,"date":"2025-11-05T11:08:25","date_gmt":"2025-11-05T10:08:25","guid":{"rendered":"https:\/\/przedszkole18.edu.wroclaw.pl\/?p=12934"},"modified":"2025-11-05T11:08:25","modified_gmt":"2025-11-05T10:08:25","slug":"dzien-niepodleglosci","status":"publish","type":"post","link":"https:\/\/przedszkole18.edu.wroclaw.pl\/index.php\/2025\/11\/05\/dzien-niepodleglosci\/","title":{"rendered":"Dzie\u0144 Niepodleg\u0142o\u015bci."},"content":{"rendered":"<p><span style=\"font-size: 18pt;color: #ff0000\"><em><strong>Szanowni Pa\u0144stwo!<\/strong><\/em><\/span><\/p>\n<p><span style=\"font-size: 14pt;color: #000080\"><em>W dniu 7 listopada o godzinie 10.45\u00a0 w przedszkolu odb\u0119dzie si\u0119\u00a0 uroczysto\u015b\u0107, zwi\u0105zana z obchodami <\/em><\/span><em><span style=\"color: #ff0000;font-size: 14pt\">Dnia Niepodleg\u0142o\u015bci.\u00a0<\/span><\/em><\/p>\n<p><span style=\"color: #000080\"><em><span style=\"font-size: 14pt\"> Dzieci z grupy 3 i 4 wraz z nauczycielami,\u00a0 \u00a0zadbaj\u0105 o cz\u0119\u015b\u0107 artystyczn\u0105, na kt\u00f3r\u0105 zapraszamy wszystkie przedszkolaki.\u00a0 <\/span><\/em><\/span><\/p>\n<p><span style=\"color: #000080\"><em><span style=\"font-size: 14pt\">Pragniemy odpowiednim strojem podkre\u015bli\u0107 wa\u017cno\u015b\u0107 wydarzenia. Mile widziane b\u0119d\u0105 kokardy i kotyliony do stroj\u00f3w galowych.\u00a0<\/span><\/em><\/span><\/p>\n<p><span style=\"color: #000080\"><em><span style=\"font-size: 14pt\">Jak zawsze dzi\u0119kujemy bardzo za Wasze zaanga\u017cowanie i wspieranie naszych dzia\u0142a\u0144. <\/span><\/em><\/span><\/p>\n<p><span style=\"color: #000080\"><em><span style=\"font-size: 14pt\">Pozdrawiamy i \u017cyczymy du\u017co zdrowia.\u00a0 <span style=\"color: #666699;font-size: 12pt\">Dyrektor plac\u00f3wki Lidia Walczak-I\u017cycka\u00a0<\/span><\/span><\/em><\/span><\/p>\n","protected":false},"excerpt":{"rendered":"<p>Szanowni Pa\u0144stwo! W dniu 7 listopada o godzinie 10.45\u00a0 w przedszkolu odb\u0119dzie si\u0119\u00a0 uroczysto\u015b\u0107, zwi\u0105zana z obchodami Dnia Niepodleg\u0142o\u015bci.\u00a0 Dzieci z grupy 3 i 4 wraz z nauczycielami,\u00a0 \u00a0zadbaj\u0105 o [&hellip;]<\/p>\n","protected":false},"author":115,"featured_media":2726,"comment_status":"closed","ping_status":"closed","sticky":false,"template":"","format":"standard","meta":{"ngg_post_thumbnail":0,"footnotes":""},"categories":[3],"tags":[],"class_list":["post-12934","post","type-post","status-publish","format-standard","has-post-thumbnail","hentry","category-aktualnosci","clearfix"],"_links":{"self":[{"href":"https:\/\/przedszkole18.edu.wroclaw.pl\/index.php\/wp-json\/wp\/v2\/posts\/12934","targetHints":{"allow":["GET"]}}],"collection":[{"href":"https:\/\/przedszkole18.edu.wroclaw.pl\/index.php\/wp-json\/wp\/v2\/posts"}],"about":[{"href":"https:\/\/przedszkole18.edu.wroclaw.pl\/index.php\/wp-json\/wp\/v2\/types\/post"}],"author":[{"embeddable":true,"href":"https:\/\/przedszkole18.edu.wroclaw.pl\/index.php\/wp-json\/wp\/v2\/users\/115"}],"replies":[{"embeddable":true,"href":"https:\/\/przedszkole18.edu.wroclaw.pl\/index.php\/wp-json\/wp\/v2\/comments?post=12934"}],"version-history":[{"count":1,"href":"https:\/\/przedszkole18.edu.wroclaw.pl\/index.php\/wp-json\/wp\/v2\/posts\/12934\/revisions"}],"predecessor-version":[{"id":12935,"href":"https:\/\/przedszkole18.edu.wroclaw.pl\/index.php\/wp-json\/wp\/v2\/posts\/12934\/revisions\/12935"}],"wp:featuredmedia":[{"embeddable":true,"href":"https:\/\/przedszkole18.edu.wroclaw.pl\/index.php\/wp-json\/wp\/v2\/media\/2726"}],"wp:attachment":[{"href":"https:\/\/przedszkole18.edu.wroclaw.pl\/index.php\/wp-json\/wp\/v2\/media?parent=12934"}],"wp:term":[{"taxonomy":"category","embeddable":true,"href":"https:\/\/przedszkole18.edu.wroclaw.pl\/index.php\/wp-json\/wp\/v2\/categories?post=12934"},{"taxonomy":"post_tag","embeddable":true,"href":"https:\/\/przedszkole18.edu.wroclaw.pl\/index.php\/wp-json\/wp\/v2\/tags?post=12934"}],"curies":[{"name":"wp","href":"https:\/\/api.w.org\/{rel}","templated":true}]}}