
{"id":13007,"date":"2025-11-21T13:13:35","date_gmt":"2025-11-21T12:13:35","guid":{"rendered":"https:\/\/przedszkole18.edu.wroclaw.pl\/?p=13007"},"modified":"2025-11-21T13:13:35","modified_gmt":"2025-11-21T12:13:35","slug":"dzien-zyczliwosci","status":"publish","type":"post","link":"https:\/\/przedszkole18.edu.wroclaw.pl\/index.php\/2025\/11\/21\/dzien-zyczliwosci\/","title":{"rendered":"Dzie\u0144 \u017byczliwo\u015bci"},"content":{"rendered":"<p style=\"text-align: center\"><span style=\"font-size: 14pt;color: #800080\"><em><strong>Drodzy rodzice!\u00a0<\/strong><\/em><\/span><\/p>\n<p style=\"text-align: center\"><span style=\"font-size: 14pt;color: #800080\"><em><strong>&#8222;Pod \u017cyczliwym parasolem&#8221; to has\u0142o imprezy, kt\u00f3ra od lat funkcjonuje w naszej przedszkolnej spo\u0142eczno\u015bci. <\/strong><\/em><\/span><\/p>\n<p style=\"text-align: center\"><span style=\"font-size: 14pt;color: #800080\"><em><strong>Tego dnia chcemy wszyscy pami\u0119ta\u0107 by zawsze towarzyszy\u0142 nam:\u00a0<\/strong><\/em><\/span><\/p>\n<p><img loading=\"lazy\" decoding=\"async\" class=\"alignnone size-medium wp-image-13003\" src=\"https:\/\/przedszkole18.edu.wroclaw.pl\/wp-content\/uploads\/sites\/36\/2025\/11\/1000023666-300x226.jpg\" alt=\"\" width=\"300\" height=\"226\" srcset=\"https:\/\/przedszkole18.edu.wroclaw.pl\/wp-content\/uploads\/sites\/36\/2025\/11\/1000023666-300x226.jpg 300w, https:\/\/przedszkole18.edu.wroclaw.pl\/wp-content\/uploads\/sites\/36\/2025\/11\/1000023666-1024x771.jpg 1024w, https:\/\/przedszkole18.edu.wroclaw.pl\/wp-content\/uploads\/sites\/36\/2025\/11\/1000023666-768x578.jpg 768w, https:\/\/przedszkole18.edu.wroclaw.pl\/wp-content\/uploads\/sites\/36\/2025\/11\/1000023666-1536x1157.jpg 1536w, https:\/\/przedszkole18.edu.wroclaw.pl\/wp-content\/uploads\/sites\/36\/2025\/11\/1000023666-2048x1542.jpg 2048w\" sizes=\"auto, (max-width: 300px) 100vw, 300px\" \/><img loading=\"lazy\" decoding=\"async\" class=\"alignnone size-medium wp-image-13004\" src=\"https:\/\/przedszkole18.edu.wroclaw.pl\/wp-content\/uploads\/sites\/36\/2025\/11\/1000023667-300x226.jpg\" alt=\"\" width=\"300\" height=\"226\" srcset=\"https:\/\/przedszkole18.edu.wroclaw.pl\/wp-content\/uploads\/sites\/36\/2025\/11\/1000023667-300x226.jpg 300w, https:\/\/przedszkole18.edu.wroclaw.pl\/wp-content\/uploads\/sites\/36\/2025\/11\/1000023667-1024x771.jpg 1024w, https:\/\/przedszkole18.edu.wroclaw.pl\/wp-content\/uploads\/sites\/36\/2025\/11\/1000023667-768x578.jpg 768w, https:\/\/przedszkole18.edu.wroclaw.pl\/wp-content\/uploads\/sites\/36\/2025\/11\/1000023667-1536x1157.jpg 1536w, https:\/\/przedszkole18.edu.wroclaw.pl\/wp-content\/uploads\/sites\/36\/2025\/11\/1000023667-2048x1542.jpg 2048w\" sizes=\"auto, (max-width: 300px) 100vw, 300px\" \/><img loading=\"lazy\" decoding=\"async\" class=\"alignnone size-medium wp-image-13006\" src=\"https:\/\/przedszkole18.edu.wroclaw.pl\/wp-content\/uploads\/sites\/36\/2025\/11\/1000023668-300x226.jpg\" alt=\"\" width=\"300\" height=\"226\" srcset=\"https:\/\/przedszkole18.edu.wroclaw.pl\/wp-content\/uploads\/sites\/36\/2025\/11\/1000023668-300x226.jpg 300w, https:\/\/przedszkole18.edu.wroclaw.pl\/wp-content\/uploads\/sites\/36\/2025\/11\/1000023668-1024x771.jpg 1024w, https:\/\/przedszkole18.edu.wroclaw.pl\/wp-content\/uploads\/sites\/36\/2025\/11\/1000023668-768x578.jpg 768w, https:\/\/przedszkole18.edu.wroclaw.pl\/wp-content\/uploads\/sites\/36\/2025\/11\/1000023668-1536x1157.jpg 1536w, https:\/\/przedszkole18.edu.wroclaw.pl\/wp-content\/uploads\/sites\/36\/2025\/11\/1000023668-2048x1542.jpg 2048w\" sizes=\"auto, (max-width: 300px) 100vw, 300px\" \/><img loading=\"lazy\" decoding=\"async\" class=\"alignnone size-medium wp-image-13005\" src=\"https:\/\/przedszkole18.edu.wroclaw.pl\/wp-content\/uploads\/sites\/36\/2025\/11\/1763722523312-226x300.jpg\" alt=\"\" width=\"226\" height=\"300\" srcset=\"https:\/\/przedszkole18.edu.wroclaw.pl\/wp-content\/uploads\/sites\/36\/2025\/11\/1763722523312-226x300.jpg 226w, https:\/\/przedszkole18.edu.wroclaw.pl\/wp-content\/uploads\/sites\/36\/2025\/11\/1763722523312-771x1024.jpg 771w, https:\/\/przedszkole18.edu.wroclaw.pl\/wp-content\/uploads\/sites\/36\/2025\/11\/1763722523312-768x1020.jpg 768w, https:\/\/przedszkole18.edu.wroclaw.pl\/wp-content\/uploads\/sites\/36\/2025\/11\/1763722523312-1157x1536.jpg 1157w, https:\/\/przedszkole18.edu.wroclaw.pl\/wp-content\/uploads\/sites\/36\/2025\/11\/1763722523312-1542x2048.jpg 1542w, https:\/\/przedszkole18.edu.wroclaw.pl\/wp-content\/uploads\/sites\/36\/2025\/11\/1763722523312-scaled.jpg 1928w\" sizes=\"auto, (max-width: 226px) 100vw, 226px\" \/><\/p>\n<p style=\"text-align: center\"><span style=\"color: #800080\"><em><strong><span style=\"font-size: 14pt\">Wszystkie przedszkolaki,\u00a0 pi\u0119knie si\u0119 prezentowa\u0142y wyra\u017caj\u0105c wszystko co wa\u017cne,\u00a0 wierszem i piosenk\u0105. <\/span><\/strong><\/em><\/span><\/p>\n<p style=\"text-align: center\"><span style=\"color: #800080\"><em><strong><span style=\"font-size: 14pt\">Bardzo dzi\u0119kujemy za przygotowanie \u017c\u00f3\u0142tych akcent\u00f3w. Pozdrawiamy ciep\u0142o i \u017cyczymy zdrowia.\u00a0\u00a0<\/span><\/strong><\/em><\/span><\/p>\n","protected":false},"excerpt":{"rendered":"<p>Drodzy rodzice!\u00a0 &#8222;Pod \u017cyczliwym parasolem&#8221; to has\u0142o imprezy, kt\u00f3ra od lat funkcjonuje w naszej przedszkolnej spo\u0142eczno\u015bci. Tego dnia chcemy wszyscy pami\u0119ta\u0107 by zawsze towarzyszy\u0142 nam:\u00a0 Wszystkie przedszkolaki,\u00a0 pi\u0119knie si\u0119 prezentowa\u0142y [&hellip;]<\/p>\n","protected":false},"author":115,"featured_media":13002,"comment_status":"closed","ping_status":"closed","sticky":false,"template":"","format":"standard","meta":{"ngg_post_thumbnail":0,"footnotes":""},"categories":[3],"tags":[],"class_list":["post-13007","post","type-post","status-publish","format-standard","has-post-thumbnail","hentry","category-aktualnosci","clearfix"],"_links":{"self":[{"href":"https:\/\/przedszkole18.edu.wroclaw.pl\/index.php\/wp-json\/wp\/v2\/posts\/13007","targetHints":{"allow":["GET"]}}],"collection":[{"href":"https:\/\/przedszkole18.edu.wroclaw.pl\/index.php\/wp-json\/wp\/v2\/posts"}],"about":[{"href":"https:\/\/przedszkole18.edu.wroclaw.pl\/index.php\/wp-json\/wp\/v2\/types\/post"}],"author":[{"embeddable":true,"href":"https:\/\/przedszkole18.edu.wroclaw.pl\/index.php\/wp-json\/wp\/v2\/users\/115"}],"replies":[{"embeddable":true,"href":"https:\/\/przedszkole18.edu.wroclaw.pl\/index.php\/wp-json\/wp\/v2\/comments?post=13007"}],"version-history":[{"count":1,"href":"https:\/\/przedszkole18.edu.wroclaw.pl\/index.php\/wp-json\/wp\/v2\/posts\/13007\/revisions"}],"predecessor-version":[{"id":13008,"href":"https:\/\/przedszkole18.edu.wroclaw.pl\/index.php\/wp-json\/wp\/v2\/posts\/13007\/revisions\/13008"}],"wp:featuredmedia":[{"embeddable":true,"href":"https:\/\/przedszkole18.edu.wroclaw.pl\/index.php\/wp-json\/wp\/v2\/media\/13002"}],"wp:attachment":[{"href":"https:\/\/przedszkole18.edu.wroclaw.pl\/index.php\/wp-json\/wp\/v2\/media?parent=13007"}],"wp:term":[{"taxonomy":"category","embeddable":true,"href":"https:\/\/przedszkole18.edu.wroclaw.pl\/index.php\/wp-json\/wp\/v2\/categories?post=13007"},{"taxonomy":"post_tag","embeddable":true,"href":"https:\/\/przedszkole18.edu.wroclaw.pl\/index.php\/wp-json\/wp\/v2\/tags?post=13007"}],"curies":[{"name":"wp","href":"https:\/\/api.w.org\/{rel}","templated":true}]}}