
{"id":13010,"date":"2025-11-21T17:28:44","date_gmt":"2025-11-21T16:28:44","guid":{"rendered":"https:\/\/przedszkole18.edu.wroclaw.pl\/?p=13010"},"modified":"2025-11-21T17:28:44","modified_gmt":"2025-11-21T16:28:44","slug":"dzien-pluszowego-misia-2","status":"publish","type":"post","link":"https:\/\/przedszkole18.edu.wroclaw.pl\/index.php\/2025\/11\/21\/dzien-pluszowego-misia-2\/","title":{"rendered":"Dzie\u0144 Pluszowego Misia"},"content":{"rendered":"<p><span style=\"font-size: 14pt;color: #800080\"><em><strong>Wielkimi krokami zbli\u017ca si\u0119 \u015awiatowy Dzie\u0144 Pluszowego Misia\u00a0<\/strong><\/em><\/span><\/p>\n<p><span style=\"font-size: 14pt;color: #993366\"><em><strong>Z tej okazji zach\u0119camy Dzieci wraz z Rodzicami do napisania kr\u00f3tkiego wierszyka lub rymowanki dla swojego misia. Podpisane wierszyki przynosimy do przedszkola i umieszczamy na tablicy ju\u017c od 24 listopada .<\/strong><\/em><\/span><\/p>\n<p><span style=\"font-size: 14pt;color: #993366\"><em><strong>Zapraszamy do wsp\u00f3lnej zabawy i \u017cyczymy wielu ciekawych pomys\u0142\u00f3w.\u00a0<\/strong><\/em><\/span><\/p>\n","protected":false},"excerpt":{"rendered":"<p>Wielkimi krokami zbli\u017ca si\u0119 \u015awiatowy Dzie\u0144 Pluszowego Misia\u00a0 Z tej okazji zach\u0119camy Dzieci wraz z Rodzicami do napisania kr\u00f3tkiego wierszyka lub rymowanki dla swojego misia. Podpisane wierszyki przynosimy do przedszkola [&hellip;]<\/p>\n","protected":false},"author":115,"featured_media":10224,"comment_status":"closed","ping_status":"closed","sticky":false,"template":"","format":"standard","meta":{"ngg_post_thumbnail":0,"footnotes":""},"categories":[3],"tags":[],"class_list":["post-13010","post","type-post","status-publish","format-standard","has-post-thumbnail","hentry","category-aktualnosci","clearfix"],"_links":{"self":[{"href":"https:\/\/przedszkole18.edu.wroclaw.pl\/index.php\/wp-json\/wp\/v2\/posts\/13010","targetHints":{"allow":["GET"]}}],"collection":[{"href":"https:\/\/przedszkole18.edu.wroclaw.pl\/index.php\/wp-json\/wp\/v2\/posts"}],"about":[{"href":"https:\/\/przedszkole18.edu.wroclaw.pl\/index.php\/wp-json\/wp\/v2\/types\/post"}],"author":[{"embeddable":true,"href":"https:\/\/przedszkole18.edu.wroclaw.pl\/index.php\/wp-json\/wp\/v2\/users\/115"}],"replies":[{"embeddable":true,"href":"https:\/\/przedszkole18.edu.wroclaw.pl\/index.php\/wp-json\/wp\/v2\/comments?post=13010"}],"version-history":[{"count":1,"href":"https:\/\/przedszkole18.edu.wroclaw.pl\/index.php\/wp-json\/wp\/v2\/posts\/13010\/revisions"}],"predecessor-version":[{"id":13011,"href":"https:\/\/przedszkole18.edu.wroclaw.pl\/index.php\/wp-json\/wp\/v2\/posts\/13010\/revisions\/13011"}],"wp:featuredmedia":[{"embeddable":true,"href":"https:\/\/przedszkole18.edu.wroclaw.pl\/index.php\/wp-json\/wp\/v2\/media\/10224"}],"wp:attachment":[{"href":"https:\/\/przedszkole18.edu.wroclaw.pl\/index.php\/wp-json\/wp\/v2\/media?parent=13010"}],"wp:term":[{"taxonomy":"category","embeddable":true,"href":"https:\/\/przedszkole18.edu.wroclaw.pl\/index.php\/wp-json\/wp\/v2\/categories?post=13010"},{"taxonomy":"post_tag","embeddable":true,"href":"https:\/\/przedszkole18.edu.wroclaw.pl\/index.php\/wp-json\/wp\/v2\/tags?post=13010"}],"curies":[{"name":"wp","href":"https:\/\/api.w.org\/{rel}","templated":true}]}}